{"id":17175,"date":"2010-04-26T00:00:00","date_gmt":"2010-04-26T00:00:00","guid":{"rendered":"http:\/\/prensa.wp2.mendoza.gov.ar\/?p=17175"},"modified":"2010-04-26T00:00:00","modified_gmt":"2010-04-26T00:00:00","slug":"haran-manana-una-reunion-interprovincial-para-seguir-los-objetivos-de-desarrollo-del-milenio","status":"publish","type":"post","link":"https:\/\/www.mendoza.gov.ar\/prensa\/haran-manana-una-reunion-interprovincial-para-seguir-los-objetivos-de-desarrollo-del-milenio\/","title":{"rendered":"HAR\u00c1N MA\u00d1ANA UNA REUNI\u00d3N INTERPROVINCIAL PARA SEGUIR LOS OBJETIVOS DE DESARROLLO DEL MILENIO"},"content":{"rendered":"<!DOCTYPE html PUBLIC \"-\/\/W3C\/\/DTD HTML 4.0 Transitional\/\/EN\" \"http:\/\/www.w3.org\/TR\/REC-html40\/loose.dtd\">\n<html><body><p>Organizada por el Ministerio de Desarrollo Humano, Familia y Comunidad, ma&ntilde;ana se desarrollar&aacute; una jornada interprovincial destinada a difundir y analizar el avance en la implementaci&oacute;n de los Objetivos de Desarrollo del Milenio (OMD) en el &aacute;mbito de la gesti&oacute;n del desarrollo social en Mendoza. <\/p>\n<p>El encuentro ser&aacute; en el el Aula Magna del Centro de Congresos y Exposiciones de Ciudad, de 8.30 a 18, donde funcionarios nacionales y provinciales har&aacute;n una actualizaci&oacute;n de desarrollo y la planificaci&oacute;n acerca de los ODM, una iniciativa de car&aacute;cter global que se cre&oacute; en el 2000 a partir de la Declaraci&oacute;n del Milenio en las Naciones Unidas. <\/p>\n<p>En ese entonces, sobre la base de esta declaraci&oacute;n se estableci&oacute; un conjunto de objetivos y metas cuantificables relacionados con el desarrollo, los que deber&aacute;n alcanzarse en el 2015. Para esto, fueron consensuados internacionalmente los correspondientes indicadores num&eacute;ricos a partir de los cuales se puede evaluar el progreso general.<\/p>\n<p>A partir de ah&iacute;, mediante el Consejo Nacional de Coordinaci&oacute;n de Pol&iacute;ticas Sociales (CNCPS), el Gobierno de la Naci&oacute;n se comprometi&oacute; a realizar las acciones destinadas a instalar el tema en los niveles gubernamentales y en la sociedad en general, e impulsar las acciones para su cumplimiento.<\/p>\n<p>Los ODM en nuestro pa&iacute;s son nueve, y tienen metas e indicadores para su seguimiento. Incluyen cuestiones tratadas en las principales conferencias y cumbres mundiales sobre la problem&aacute;tica del desarrollo desde 1990. A los objetivos internacionalmente convenidos, la Argentina incorpor&oacute; el de &ldquo;promover el trabajo decente&rdquo;, con la convicci&oacute;n de que una sociedad justa e inclusiva se construye garantiz&aacute;ndoles empleo digno a todos sus habitantes.<\/p>\n<p><strong>Objetivos del milenio para Argentina<\/strong><\/p>\n<p>Los objetivos en Argentina son los siguientes:<\/p>\n<p>1) Erradicar la pobreza extrema y el hambre.<\/p>\n<p>2) Alcanzar la educaci&oacute;n b&aacute;sica universal.<\/p>\n<p>3) Promover el trabajo decente.<\/p>\n<p>4) Promover la igualdad y la equidad de g&eacute;nero.<\/p>\n<p>5) Reducir la mortalidad infantil.<\/p>\n<p>6) Mejorar la salud materna.<\/p>\n<p>7) Combatir el VIH\/sida, el paludismo, el Chagas, la tuberculosis y otras enfermedades.<\/p>\n<p>8) Asegurar un medio ambiente sostenible.<\/p>\n<p>9) Promover una asociaci&oacute;n mundial para el desarrollo.<\/p>\n<p>El proceso de instalaci&oacute;n de los ODM en las provincias impulsado desde el Gobierno nacional se inici&oacute; en el 2005, mientras que Mendoza hizo su incorporaci&oacute;n en el 2007.<\/p>\n<p><strong>Programa del encuentro<\/strong><\/p>\n<p>El encuentro de ma&ntilde;ana contar&aacute; con la presencia del coordinador del CNCPS, Luis Di Pietro Paolo. Adem&aacute;s, a la ma&ntilde;ana disertar&aacute;n el coordinador de Desarrollo Social del Programa de Naciones Unidas para el Desarrollo (PNUD), la representante de la Organizaci&oacute;n Panamericana de la Salud, Mariana Crespo, y la responsable del Programa Municipios Saludables, de la Naci&oacute;n.<\/p>\n<p>Desde las 15 ser&aacute; el turno de las provincias de San Juan y Mendoza, y se escuchar&aacute;n las presentaciones de las subsecretarias de Familia, Nidia Martini, y de Desarrollo Humano y Comunidad, Carlina Duplessis, quienes expondr&aacute;n acerca de los desaf&iacute;os de la implementaci&oacute;n de los ODM.<\/p>\n<p>Luego, el ministro de Desarrollo Humano Familia y Comunidad, Carlos Ciurca, y su par de San Juan, Daniel Molina, expondr&aacute;n sobre las acciones para el cumplimiento de los objetivos que se llevan a cabo desde las provincias. <\/p>\n<p>A su t&eacute;rmino, el coordinador t&eacute;cnico del CNCPS, Juan Carlos Nadalich, cerrar&aacute; la jornada con su exposici&oacute;n.<\/p>\n<p><strong>Fuente: <\/strong>Prensa Desarrollo Humano, Familia y Comunidad<\/p>\n<p><strong>Edici&oacute;n:<\/strong> Gabriel Espejo<\/p>\n<\/body><\/html>\n","protected":false},"excerpt":{"rendered":"Organizada por el Ministerio de Desarrollo Humano, Familia y Comunidad, ma&ntilde;ana se desarrollar&aacute; una jornada interprovincial destinada a difundir y analizar el avance en la implementaci&oacute;n de los Objetivos de Desarrollo del Milenio (OMD) en el &aacute;mbito de la gesti&oacute;n del desarrollo social en Mendoza. El encuentro ser&aacute; en el el Aula Magna del Centro&#8230; <a class=\"view-article\" href=\"https:\/\/www.mendoza.gov.ar\/prensa\/haran-manana-una-reunion-interprovincial-para-seguir-los-objetivos-de-desarrollo-del-milenio\/\"><\/a>","protected":false},"author":3,"featured_media":0,"comment_status":"closed","ping_status":"open","sticky":false,"template":"","format":"standard","meta":[],"categories":[11],"tags":[],"_links":{"self":[{"href":"https:\/\/www.mendoza.gov.ar\/prensa\/wp-json\/wp\/v2\/posts\/17175"}],"collection":[{"href":"https:\/\/www.mendoza.gov.ar\/prensa\/wp-json\/wp\/v2\/posts"}],"about":[{"href":"https:\/\/www.mendoza.gov.ar\/prensa\/wp-json\/wp\/v2\/types\/post"}],"author":[{"embeddable":true,"href":"https:\/\/www.mendoza.gov.ar\/prensa\/wp-json\/wp\/v2\/users\/3"}],"replies":[{"embeddable":true,"href":"https:\/\/www.mendoza.gov.ar\/prensa\/wp-json\/wp\/v2\/comments?post=17175"}],"version-history":[{"count":0,"href":"https:\/\/www.mendoza.gov.ar\/prensa\/wp-json\/wp\/v2\/posts\/17175\/revisions"}],"wp:attachment":[{"href":"https:\/\/www.mendoza.gov.ar\/prensa\/wp-json\/wp\/v2\/media?parent=17175"}],"wp:term":[{"taxonomy":"category","embeddable":true,"href":"https:\/\/www.mendoza.gov.ar\/prensa\/wp-json\/wp\/v2\/categories?post=17175"},{"taxonomy":"post_tag","embeddable":true,"href":"https:\/\/www.mendoza.gov.ar\/prensa\/wp-json\/wp\/v2\/tags?post=17175"}],"curies":[{"name":"wp","href":"https:\/\/api.w.org\/{rel}","templated":true}]}}