{"id":17187,"date":"2010-05-03T00:00:00","date_gmt":"2010-05-03T00:00:00","guid":{"rendered":"http:\/\/prensa.wp2.mendoza.gov.ar\/?p=17187"},"modified":"2010-05-03T00:00:00","modified_gmt":"2010-05-03T00:00:00","slug":"este-miercoles-presentaran-dos-programas-de-apoyo-al-celiaco-en-conmemoracion-de-su-dia","status":"publish","type":"post","link":"https:\/\/www.mendoza.gov.ar\/prensa\/este-miercoles-presentaran-dos-programas-de-apoyo-al-celiaco-en-conmemoracion-de-su-dia\/","title":{"rendered":"ESTE MI\u00c9RCOLES PRESENTAR\u00c1N DOS PROGRAMAS DE APOYO AL CEL\u00cdACO, EN CONMEMORACI\u00d3N DE SU D\u00cdA"},"content":{"rendered":"<!DOCTYPE html PUBLIC \"-\/\/W3C\/\/DTD HTML 4.0 Transitional\/\/EN\" \"http:\/\/www.w3.org\/TR\/REC-html40\/loose.dtd\">\n<html><body><p>Este mi&eacute;rcoles a las 15, en la Sala Magna del Centro de Congresos y Exposiciones de Ciudad se presentar&aacute; formalmente el Programa Alimentario y Nutricional de Apoyo al Cel&iacute;aco, dependiente del Ministerio de Desarrollo Humano, Familia y Comunidad, con el cual se est&aacute; trabajando desde el 2008. Durante el encuentro, autoridades del Ministerio de Salud tambi&eacute;n van a presentar el Programa Provincial de Detecci&oacute;n y Control de la enfermedad cel&iacute;aca. <\/p>\n<p>Est&aacute; previsto que asistan beneficiarios, administradores de comercios que expenden productos para ese tipo de consumidores, y representantes del Ministerio de Salud, la Obra Social de los Empleados P&uacute;blicos (OSEP) y Asistencia al Cel&iacute;aco de la Argentina (Acela). <\/p>\n<p>Con esta acci&oacute;n se pretende generar un lugar de encuentro para aquellas personas de toda la provincia que est&aacute;n bajo el programa para que compartan experiencias. <\/p>\n<p>El Programa Alimentario y Nutricional de Apoyo al Cel&iacute;aco, de la Direcci&oacute;n de Promoci&oacute;n y Derecho a la Alimentaci&oacute;n (DIPDA), trabaja desde el 2008 y tiene como objetivo promover la alimentaci&oacute;n adecuada y la elaboraci&oacute;n de productos de uso diario libres de gluten, reforzar la alimentaci&oacute;n sin trigo, avena, cebada y centeno (TACC) mediante la entrega de producto libres de gluten, y adaptar los men&uacute;es aptos para cel&iacute;acos en escuelas y dem&aacute;s  instituciones que reciban la prestaci&oacute;n. <\/p>\n<p>En el encuentro tambi&eacute;n se les entregar&aacute;n 15 hornos el&eacute;ctricos a beneficiarios del programa de Capital y Tupungato. La din&aacute;mica de la jornada incluye, adem&aacute;s, puestos con folleter&iacute;a y degustaci&oacute;n de productos sin TACC. <\/p>\n<p><strong>Qu&eacute; es la enfermedad cel&iacute;aca<\/strong> <\/p>\n<p>La enfermedad cel&iacute;aca se basa en la intolerancia permanente a un conjunto de prote&iacute;nas que est&aacute;n presentes en el trigo, la avena, la cebada, el centeno y sus derivados, las que provocan una severa lesi&oacute;n en la mucosa del intestino delgado de quien la padece. <\/p>\n<p>Es una afecci&oacute;n no curable, pero s&iacute; tratable. En este sentido, una dieta sin esas prote&iacute;nas es la &uacute;nica terapia existente para prevenir complicaciones y garantizar una buena calidad de vida del cel&iacute;aco. <\/p>\n<p><strong>Fuente:<\/strong> Prensa Desarrollo Humano, Familia y Comunidad <\/p>\n<p><strong>Edici&oacute;n:<\/strong> Gabriel Espejo<\/p>\n<\/body><\/html>\n","protected":false},"excerpt":{"rendered":"Este mi&eacute;rcoles a las 15, en la Sala Magna del Centro de Congresos y Exposiciones de Ciudad se presentar&aacute; formalmente el Programa Alimentario y Nutricional de Apoyo al Cel&iacute;aco, dependiente del Ministerio de Desarrollo Humano, Familia y Comunidad, con el cual se est&aacute; trabajando desde el 2008. Durante el encuentro, autoridades del Ministerio de Salud&#8230; <a class=\"view-article\" href=\"https:\/\/www.mendoza.gov.ar\/prensa\/este-miercoles-presentaran-dos-programas-de-apoyo-al-celiaco-en-conmemoracion-de-su-dia\/\"><\/a>","protected":false},"author":3,"featured_media":0,"comment_status":"closed","ping_status":"open","sticky":false,"template":"","format":"standard","meta":[],"categories":[11],"tags":[],"_links":{"self":[{"href":"https:\/\/www.mendoza.gov.ar\/prensa\/wp-json\/wp\/v2\/posts\/17187"}],"collection":[{"href":"https:\/\/www.mendoza.gov.ar\/prensa\/wp-json\/wp\/v2\/posts"}],"about":[{"href":"https:\/\/www.mendoza.gov.ar\/prensa\/wp-json\/wp\/v2\/types\/post"}],"author":[{"embeddable":true,"href":"https:\/\/www.mendoza.gov.ar\/prensa\/wp-json\/wp\/v2\/users\/3"}],"replies":[{"embeddable":true,"href":"https:\/\/www.mendoza.gov.ar\/prensa\/wp-json\/wp\/v2\/comments?post=17187"}],"version-history":[{"count":0,"href":"https:\/\/www.mendoza.gov.ar\/prensa\/wp-json\/wp\/v2\/posts\/17187\/revisions"}],"wp:attachment":[{"href":"https:\/\/www.mendoza.gov.ar\/prensa\/wp-json\/wp\/v2\/media?parent=17187"}],"wp:term":[{"taxonomy":"category","embeddable":true,"href":"https:\/\/www.mendoza.gov.ar\/prensa\/wp-json\/wp\/v2\/categories?post=17187"},{"taxonomy":"post_tag","embeddable":true,"href":"https:\/\/www.mendoza.gov.ar\/prensa\/wp-json\/wp\/v2\/tags?post=17187"}],"curies":[{"name":"wp","href":"https:\/\/api.w.org\/{rel}","templated":true}]}}