{"id":17245,"date":"2010-06-17T00:00:00","date_gmt":"2010-06-17T00:00:00","guid":{"rendered":"http:\/\/prensa.wp2.mendoza.gov.ar\/?p=17245"},"modified":"2010-06-17T00:00:00","modified_gmt":"2010-06-17T00:00:00","slug":"el-area-de-juventud-capacitara-a-jovenes-en-las-heras","status":"publish","type":"post","link":"https:\/\/www.mendoza.gov.ar\/prensa\/el-area-de-juventud-capacitara-a-jovenes-en-las-heras\/","title":{"rendered":"EL \u00c1REA DE JUVENTUD CAPACITAR\u00c1 A J\u00d3VENES EN LAS HERAS"},"content":{"rendered":"<!DOCTYPE html PUBLIC \"-\/\/W3C\/\/DTD HTML 4.0 Transitional\/\/EN\" \"http:\/\/www.w3.org\/TR\/REC-html40\/loose.dtd\">\n<html><body><p>Las jornadas de formaci&oacute;n organizadas por el Ministerio de Desarrollo Humano, Familia y Comunidad ser&aacute;n ma&ntilde;ana y el s&aacute;bado, a partir de las 9.30 en las instalaciones del Polideportivo Vicente Polimeni, de Las Heras.<\/p>\n<p>La actividad a cargo de Marco Ochoa, capacitador de Buenos Aires, permitir&aacute; que j&oacute;venes de 18 a 30 a&ntilde;os accedan a recursos te&oacute;rico-pr&aacute;cticos para desarrollar y ejecutar sus propios talleres, dedicados a temas de inter&eacute;s que surjan de su grupo de pares y en sus comunidades.<\/p>\n<p>El marco te&oacute;rico que gu&iacute;a este tipo de talleres es la educaci&oacute;n popular. Por ello, el recorrido implementado para llegar a los conceptos es partir de los conocimientos, saberes y experiencias previos de los y las participantes. A partir de all&iacute;, se &nbsp;formular&aacute;n conclusiones que se expondr&aacute;n luego en conjunto.<\/p>\n<p>La metodolog&iacute;a utilizada es el &ldquo;taller&rdquo; que intercala momentos de discusi&oacute;n, debate y elaboraci&oacute;n te&oacute;rico-conceptual con espacios de t&eacute;cnicas de motivaci&oacute;n de tipo l&uacute;dicas.<\/p>\n<p>Esta acci&oacute;n se enmarca dentro de una serie de capacitaciones que la  Direcci&oacute;n Provincial de Juventud con el apoyo de la Direcci&oacute;n Nacional de Juventud (Dinaju), est&aacute; llevando a cabo en gran parte de los departamentos de Mendoza.<\/p>\n<p>El comienzo de las actividades est&aacute; previsto para el viernes por la ma&ntilde;ana, luego de las acreditaciones. Pero el acto formal de apertura, que contar&aacute; con la presencia de autoridades provinciales y municipales, se realizar&aacute; a las 17 de esa primera jornada.<\/p>\n\n<p>Fuente: Prensa Desarrollo Humano<\/p>\n<p>Edici&oacute;n: Sandra Pizarro<\/p>\n<\/body><\/html>\n","protected":false},"excerpt":{"rendered":"Las jornadas de formaci&oacute;n organizadas por el Ministerio de Desarrollo Humano, Familia y Comunidad ser&aacute;n ma&ntilde;ana y el s&aacute;bado, a partir de las 9.30 en las instalaciones del Polideportivo Vicente Polimeni, de Las Heras. La actividad a cargo de Marco Ochoa, capacitador de Buenos Aires, permitir&aacute; que j&oacute;venes de 18 a 30 a&ntilde;os accedan a&#8230; <a class=\"view-article\" href=\"https:\/\/www.mendoza.gov.ar\/prensa\/el-area-de-juventud-capacitara-a-jovenes-en-las-heras\/\"><\/a>","protected":false},"author":3,"featured_media":0,"comment_status":"closed","ping_status":"open","sticky":false,"template":"","format":"standard","meta":[],"categories":[11],"tags":[],"_links":{"self":[{"href":"https:\/\/www.mendoza.gov.ar\/prensa\/wp-json\/wp\/v2\/posts\/17245"}],"collection":[{"href":"https:\/\/www.mendoza.gov.ar\/prensa\/wp-json\/wp\/v2\/posts"}],"about":[{"href":"https:\/\/www.mendoza.gov.ar\/prensa\/wp-json\/wp\/v2\/types\/post"}],"author":[{"embeddable":true,"href":"https:\/\/www.mendoza.gov.ar\/prensa\/wp-json\/wp\/v2\/users\/3"}],"replies":[{"embeddable":true,"href":"https:\/\/www.mendoza.gov.ar\/prensa\/wp-json\/wp\/v2\/comments?post=17245"}],"version-history":[{"count":0,"href":"https:\/\/www.mendoza.gov.ar\/prensa\/wp-json\/wp\/v2\/posts\/17245\/revisions"}],"wp:attachment":[{"href":"https:\/\/www.mendoza.gov.ar\/prensa\/wp-json\/wp\/v2\/media?parent=17245"}],"wp:term":[{"taxonomy":"category","embeddable":true,"href":"https:\/\/www.mendoza.gov.ar\/prensa\/wp-json\/wp\/v2\/categories?post=17245"},{"taxonomy":"post_tag","embeddable":true,"href":"https:\/\/www.mendoza.gov.ar\/prensa\/wp-json\/wp\/v2\/tags?post=17245"}],"curies":[{"name":"wp","href":"https:\/\/api.w.org\/{rel}","templated":true}]}}