{"id":17274,"date":"2010-08-04T00:00:00","date_gmt":"2010-08-04T00:00:00","guid":{"rendered":"http:\/\/prensa.wp2.mendoza.gov.ar\/?p=17274"},"modified":"2010-08-04T00:00:00","modified_gmt":"2010-08-04T00:00:00","slug":"realizaran-encuentro-con-jovenes-para-promover-la-participacion-social","status":"publish","type":"post","link":"https:\/\/www.mendoza.gov.ar\/prensa\/realizaran-encuentro-con-jovenes-para-promover-la-participacion-social\/","title":{"rendered":"REALIZAR\u00c1N ENCUENTRO CON J\u00d3VENES PARA PROMOVER LA PARTICIPACI\u00d3N SOCIAL"},"content":{"rendered":"<!DOCTYPE html PUBLIC \"-\/\/W3C\/\/DTD HTML 4.0 Transitional\/\/EN\" \"http:\/\/www.w3.org\/TR\/REC-html40\/loose.dtd\">\n<html><body><p>Ser&aacute;&nbsp; el 6, 7 y 8 de agosto en las instalaciones de Portal Andino, Ruta 82 Km 29, Alvarez Condarco, Luj&aacute;n de Cuyo, se realizar&aacute; el encuentro de j&oacute;venes &ldquo;Padre Mujica&rdquo; al que adem&aacute;s asistir&aacute;n autoridades provinciales y nacionales relacionadas al &aacute;rea.<\/p>\n<p>&ldquo;Padre Mugica&rdquo; es un programa coordinado por la&nbsp;Direcci&oacute;n Nacional de Juventud&nbsp; y tiene como finalidad promover el servicio solidario, el compromiso social y la participaci&oacute;n de j&oacute;venes en el fortalecimiento del tejido social. De este modo, se busca generar espacios de capacitaci&oacute;n en oficios e inclusi&oacute;n laboral juvenil que favorezca la igualdad de oportunidades.<\/p>\n<p>En este sentido, el objetivo de &ldquo;Padre Mugica&rdquo; es que cada uno de los participantes pueda replicar los conocimientos y experiencias en su comunidad, convirti&eacute;ndose as&iacute; en un multiplicador.<\/p>\n<p>El encuentro ha sido convocado por el ministerio de Desarrollo Humano, Familia y Comunidad, a trav&eacute;s de la Direcci&oacute;n Provincial de Juventud, y por la Direcci&oacute;n Nacional de Juventud del Ministerio de Desarrollo Social.<\/p>\n<p>El programa Padre M&uacute;gica naci&oacute; con la intenci&oacute;n de reconstruir una ciudadan&iacute;a activa, impulsando una intensa tarea de promoci&oacute;n social y tiene como objetivo principal promover el servicio solidario, el compromiso social y la participaci&oacute;n de los j&oacute;venes en pos del fortalecimiento del tejido social. Tambi&eacute;n procura generar espacios de capacitaci&oacute;n en oficios e inclusi&oacute;n laboral juvenil que favorezcan la igualdad de oportunidades.<\/p>\n<p>En esta nueva edici&oacute;n del encuentro los j&oacute;venes podr&aacute;n participar de talleres y capacitaciones en temas como: uso y abuso de sustancias, salud sexual, prevenci&oacute;n de VIH, taller de talleres (taller que forma formadores), radio comunitaria y formulaci&oacute;n de proyectos, los que estar&aacute;n a cargo de los equipos t&eacute;cnicos de la Direcci&oacute;n Nacional y Provincial de&nbsp; Juventud.<\/p>\n<p>Del encuentro participar&aacute;n j&oacute;venes del Gran Mendoza, que representan a diversas instituciones p&uacute;blicas y privadas (Asesor&iacute;as de Juventud, Centros de Estudiantes, Cultos Religiosos, Organizaciones de la Sociedad Civil, voluntarios). Compartir&aacute;n actividades de integraci&oacute;n, l&uacute;dico &ndash; educativas, con el objeto de que los j&oacute;venes puedan promover lo aprendido en sus comunidades.<\/p>\n<p>Estos programas son coherentes a las pol&iacute;ticas establecidas desde la Direcci&oacute;n Provincial de Juventud que promueve la participaci&oacute;n de los j&oacute;venes, dando as&iacute; gran importancia al fortalecimiento de actores que impulsan el desarrollo humano, familiar y social de nuestra comunidad.<\/p>\n<p>&nbsp;Fuente: Prensa Desarrollo Humano<\/p>\n<\/body><\/html>\n","protected":false},"excerpt":{"rendered":"Ser&aacute;&nbsp; el 6, 7 y 8 de agosto en las instalaciones de Portal Andino, Ruta 82 Km 29, Alvarez Condarco, Luj&aacute;n de Cuyo, se realizar&aacute; el encuentro de j&oacute;venes &ldquo;Padre Mujica&rdquo; al que adem&aacute;s asistir&aacute;n autoridades provinciales y nacionales relacionadas al &aacute;rea. &ldquo;Padre Mugica&rdquo; es un programa coordinado por la&nbsp;Direcci&oacute;n Nacional de Juventud&nbsp; y tiene&#8230; <a class=\"view-article\" href=\"https:\/\/www.mendoza.gov.ar\/prensa\/realizaran-encuentro-con-jovenes-para-promover-la-participacion-social\/\"><\/a>","protected":false},"author":3,"featured_media":0,"comment_status":"closed","ping_status":"open","sticky":false,"template":"","format":"standard","meta":[],"categories":[11],"tags":[],"_links":{"self":[{"href":"https:\/\/www.mendoza.gov.ar\/prensa\/wp-json\/wp\/v2\/posts\/17274"}],"collection":[{"href":"https:\/\/www.mendoza.gov.ar\/prensa\/wp-json\/wp\/v2\/posts"}],"about":[{"href":"https:\/\/www.mendoza.gov.ar\/prensa\/wp-json\/wp\/v2\/types\/post"}],"author":[{"embeddable":true,"href":"https:\/\/www.mendoza.gov.ar\/prensa\/wp-json\/wp\/v2\/users\/3"}],"replies":[{"embeddable":true,"href":"https:\/\/www.mendoza.gov.ar\/prensa\/wp-json\/wp\/v2\/comments?post=17274"}],"version-history":[{"count":0,"href":"https:\/\/www.mendoza.gov.ar\/prensa\/wp-json\/wp\/v2\/posts\/17274\/revisions"}],"wp:attachment":[{"href":"https:\/\/www.mendoza.gov.ar\/prensa\/wp-json\/wp\/v2\/media?parent=17274"}],"wp:term":[{"taxonomy":"category","embeddable":true,"href":"https:\/\/www.mendoza.gov.ar\/prensa\/wp-json\/wp\/v2\/categories?post=17274"},{"taxonomy":"post_tag","embeddable":true,"href":"https:\/\/www.mendoza.gov.ar\/prensa\/wp-json\/wp\/v2\/tags?post=17274"}],"curies":[{"name":"wp","href":"https:\/\/api.w.org\/{rel}","templated":true}]}}