{"id":17275,"date":"2010-08-05T00:00:00","date_gmt":"2010-08-05T00:00:00","guid":{"rendered":"http:\/\/prensa.wp2.mendoza.gov.ar\/?p=17275"},"modified":"2010-08-05T00:00:00","modified_gmt":"2010-08-05T00:00:00","slug":"con-una-jornada-ludica-este-sabado-la-provincia-celebra-el-dia-del-nino","status":"publish","type":"post","link":"https:\/\/www.mendoza.gov.ar\/prensa\/con-una-jornada-ludica-este-sabado-la-provincia-celebra-el-dia-del-nino\/","title":{"rendered":"CON UNA JORNADA L\u00daDICA, ESTE S\u00c1BADO LA PROVINCIA CELEBRA EL D\u00cdA DEL NI\u00d1O"},"content":{"rendered":"<!DOCTYPE html PUBLIC \"-\/\/W3C\/\/DTD HTML 4.0 Transitional\/\/EN\" \"http:\/\/www.w3.org\/TR\/REC-html40\/loose.dtd\">\n<html><body><p>El Ministerio de Desarrollo Humano, Familia y Comunidad, a trav&eacute;s de la DINAF, festejar&aacute; el D&iacute;a del Ni&ntilde;o. La actividad ser&aacute; este sabado, de 14 a 17 en la cancha de DINAF, ubicada en Armani N&ordm; 1800, de Godoy Cruz.<\/p>\n<p>Para los festejos se han organizado una serie de actividades como:<\/p>\n<p>&bull;&nbsp;Actuaci&oacute;n de la murga &ldquo;Los amigos del algarrobal&rdquo;.<\/p>\n<p>&bull;&nbsp;Banda de m&uacute;sica de Dinaf.<\/p>\n<p>&bull;Gimnastas r&iacute;tmicas grupo j&oacute;quey club.<\/p>\n<p>&bull;Grupo Cajamarca (5 motivadores prof. educ fisica).<\/p>\n<p>&bull;&nbsp;Inflables, cama el&aacute;stica, metegoles, plazas blandas.<\/p>\n<p>&bull;&nbsp;Maquillaje art&iacute;stico (4 maquilladores).<\/p>\n<p>&bull;&nbsp;Globolog&iacute;a &ldquo;el payaso corchito&rdquo;.<\/p>\n<p>&bull;&nbsp;Grupo &ldquo;recrearte&ldquo; &nbsp;(f&uacute;tbol gigante, t&uacute;neles de tela).<\/p>\n<p>&bull;&nbsp;Grupos de m&uacute;sica.<\/p>\n<p>&bull;&nbsp;T&iacute;teres gigantes y canciones grupo &ldquo;el cuyanito&rdquo;.<\/p>\n<p>&bull;Chocolate, golosinas, sorteos de juguetes.<\/p>\n<p>El desarrollo de la jornada contar&aacute; con la participaci&oacute;n y colaboraci&oacute;n en la organizaci&oacute;n del grupo &ldquo;Amigos del Jockey Club&rdquo; y de colaboradores voluntarios.<\/p>\n<p>De esta manera, se espera colaborar con una iniciativa m&aacute;s, pensada para que todos los chicos disfruten de una jornada agradable y divertida en su d&iacute;a.<\/p>\n<p>Como todos los a&ntilde;os, la Dinaf festeja el D&igrave;a del Ni&ntilde;o en sus instalaciones.<\/p>\n<p>Fuente: Prensa Desarrollo Humano<\/p>\n<p>Edici&oacute;n: Sandra Pizarro<\/p>\n<\/body><\/html>\n","protected":false},"excerpt":{"rendered":"El Ministerio de Desarrollo Humano, Familia y Comunidad, a trav&eacute;s de la DINAF, festejar&aacute; el D&iacute;a del Ni&ntilde;o. La actividad ser&aacute; este sabado, de 14 a 17 en la cancha de DINAF, ubicada en Armani N&ordm; 1800, de Godoy Cruz. Para los festejos se han organizado una serie de actividades como: &bull;&nbsp;Actuaci&oacute;n de la murga&#8230; <a class=\"view-article\" href=\"https:\/\/www.mendoza.gov.ar\/prensa\/con-una-jornada-ludica-este-sabado-la-provincia-celebra-el-dia-del-nino\/\"><\/a>","protected":false},"author":3,"featured_media":0,"comment_status":"closed","ping_status":"open","sticky":false,"template":"","format":"standard","meta":[],"categories":[11],"tags":[],"_links":{"self":[{"href":"https:\/\/www.mendoza.gov.ar\/prensa\/wp-json\/wp\/v2\/posts\/17275"}],"collection":[{"href":"https:\/\/www.mendoza.gov.ar\/prensa\/wp-json\/wp\/v2\/posts"}],"about":[{"href":"https:\/\/www.mendoza.gov.ar\/prensa\/wp-json\/wp\/v2\/types\/post"}],"author":[{"embeddable":true,"href":"https:\/\/www.mendoza.gov.ar\/prensa\/wp-json\/wp\/v2\/users\/3"}],"replies":[{"embeddable":true,"href":"https:\/\/www.mendoza.gov.ar\/prensa\/wp-json\/wp\/v2\/comments?post=17275"}],"version-history":[{"count":0,"href":"https:\/\/www.mendoza.gov.ar\/prensa\/wp-json\/wp\/v2\/posts\/17275\/revisions"}],"wp:attachment":[{"href":"https:\/\/www.mendoza.gov.ar\/prensa\/wp-json\/wp\/v2\/media?parent=17275"}],"wp:term":[{"taxonomy":"category","embeddable":true,"href":"https:\/\/www.mendoza.gov.ar\/prensa\/wp-json\/wp\/v2\/categories?post=17275"},{"taxonomy":"post_tag","embeddable":true,"href":"https:\/\/www.mendoza.gov.ar\/prensa\/wp-json\/wp\/v2\/tags?post=17275"}],"curies":[{"name":"wp","href":"https:\/\/api.w.org\/{rel}","templated":true}]}}