{"id":17280,"date":"2010-08-07T00:00:00","date_gmt":"2010-08-07T00:00:00","guid":{"rendered":"http:\/\/prensa.wp2.mendoza.gov.ar\/?p=17280"},"modified":"2010-08-07T00:00:00","modified_gmt":"2010-08-07T00:00:00","slug":"la-dinaf-celebro-en-su-sede-el-dia-del-nino","status":"publish","type":"post","link":"https:\/\/www.mendoza.gov.ar\/prensa\/la-dinaf-celebro-en-su-sede-el-dia-del-nino\/","title":{"rendered":"LA DINAF CELEBR\u00d3 EN SU SEDE EL D\u00cdA DEL NI\u00d1O"},"content":{"rendered":"<!DOCTYPE html PUBLIC \"-\/\/W3C\/\/DTD HTML 4.0 Transitional\/\/EN\" \"http:\/\/www.w3.org\/TR\/REC-html40\/loose.dtd\">\n<html><body><p>Desde las 14 de este s&aacute;bado, El Ministerio de Desarrollo Humano, Familia y Comunidad, a trav&eacute;s de la DINAF, festej&oacute; el d&iacute;a del ni&ntilde;o en las instalaciones de calle Armani y Montes de Oca de Godoy Cruz. La propuesta se llev&oacute; a cabo gracias a la colaboraci&oacute;n de Anses, organizaciones sociales, gremios y empresas privadas<\/p>\n<p>Con la premisa de jugar y divertirse, se organizaron m&uacute;ltiples actividades como la actuaci&oacute;n de la murga &ldquo;los amigos del algarrobal&rdquo;, la banda de m&uacute;sica de Dinaf y el Grupo Cajamarca, con motivadores y profesores de educaci&oacute;n f&iacute;sica<\/p>\n<p>Adem&aacute;s, Hubo juegos inflables, cama el&aacute;stica, metegoles, plazas blandas, maquillaje art&iacute;stico, globolog&iacute;a, juegos del grupo &ldquo;Recrearte&ldquo;, f&uacute;tbol gigante y t&uacute;neles de tela.<\/p>\n<p>Tambi&eacute;n se dieron cita grupos de m&uacute;sica, funciones de t&iacute;teres gigantes y canciones del grupo &ldquo;El Cuyanito&rdquo;.<\/p>\n<p>A todos los chicos presentes se les reparti&oacute; chocolate, masitas y golosinas. El plato fuerte fue la interminable variedad de juguetes sorteados por los animadores que alegraron la siesta de los peque&ntilde;os<\/p>\n<p>Cabe destacar que instituciones como, ANSES, ATE , ATSA, el grupo &ldquo;Amigos del Jockey Club&rdquo; y Falabella participaron activamente junto al Ministerio de Desarrollo Humano en la organizaci&oacute;n, la donaci&oacute;n de juguetes y la puesta en marcha de una jornada pensada para la diversi&oacute;n y el entretenimiento de los m&aacute;s chicos y su familia.<\/p>\n<p>Una de las organizadoras del encuentro fue la titular de la Dinaf, Dora Mart&iacute;nez quien manifest&oacute; su satisfacci&oacute;n por lo realizado, agradeci&oacute; el apoyo de todos los sectores que los acompa&ntilde;aron y destac&oacute; la presencia de chicos de los hogares del Gran Mendoza, de familias cuidadoras y de los convenios que tiene la Dinaf con organizaciones sociales de la provincia.<\/p>\n<p>Fuente: Prensa Desarrollo Humano<\/p>\n<\/body><\/html>\n","protected":false},"excerpt":{"rendered":"Desde las 14 de este s&aacute;bado, El Ministerio de Desarrollo Humano, Familia y Comunidad, a trav&eacute;s de la DINAF, festej&oacute; el d&iacute;a del ni&ntilde;o en las instalaciones de calle Armani y Montes de Oca de Godoy Cruz. La propuesta se llev&oacute; a cabo gracias a la colaboraci&oacute;n de Anses, organizaciones sociales, gremios y empresas privadas&#8230; <a class=\"view-article\" href=\"https:\/\/www.mendoza.gov.ar\/prensa\/la-dinaf-celebro-en-su-sede-el-dia-del-nino\/\"><\/a>","protected":false},"author":3,"featured_media":0,"comment_status":"closed","ping_status":"open","sticky":false,"template":"","format":"standard","meta":[],"categories":[11],"tags":[],"_links":{"self":[{"href":"https:\/\/www.mendoza.gov.ar\/prensa\/wp-json\/wp\/v2\/posts\/17280"}],"collection":[{"href":"https:\/\/www.mendoza.gov.ar\/prensa\/wp-json\/wp\/v2\/posts"}],"about":[{"href":"https:\/\/www.mendoza.gov.ar\/prensa\/wp-json\/wp\/v2\/types\/post"}],"author":[{"embeddable":true,"href":"https:\/\/www.mendoza.gov.ar\/prensa\/wp-json\/wp\/v2\/users\/3"}],"replies":[{"embeddable":true,"href":"https:\/\/www.mendoza.gov.ar\/prensa\/wp-json\/wp\/v2\/comments?post=17280"}],"version-history":[{"count":0,"href":"https:\/\/www.mendoza.gov.ar\/prensa\/wp-json\/wp\/v2\/posts\/17280\/revisions"}],"wp:attachment":[{"href":"https:\/\/www.mendoza.gov.ar\/prensa\/wp-json\/wp\/v2\/media?parent=17280"}],"wp:term":[{"taxonomy":"category","embeddable":true,"href":"https:\/\/www.mendoza.gov.ar\/prensa\/wp-json\/wp\/v2\/categories?post=17280"},{"taxonomy":"post_tag","embeddable":true,"href":"https:\/\/www.mendoza.gov.ar\/prensa\/wp-json\/wp\/v2\/tags?post=17280"}],"curies":[{"name":"wp","href":"https:\/\/api.w.org\/{rel}","templated":true}]}}