{"id":17317,"date":"2010-06-09T00:00:00","date_gmt":"2010-06-09T00:00:00","guid":{"rendered":"http:\/\/prensa.wp2.mendoza.gov.ar\/?p=17317"},"modified":"2010-06-09T00:00:00","modified_gmt":"2010-06-09T00:00:00","slug":"elconsorcio-de-gestion-local-entrego-65-000-a-la-union-vecinal-el-topon","status":"publish","type":"post","link":"https:\/\/www.mendoza.gov.ar\/prensa\/elconsorcio-de-gestion-local-entrego-65-000-a-la-union-vecinal-el-topon\/","title":{"rendered":"ELCONSORCIO DE GESTI\u00d3N LOCAL ENTREG\u00d3 $ 65.000 A LA UNI\u00d3N VECINAL EL TOP\u00d3N"},"content":{"rendered":"<!DOCTYPE html PUBLIC \"-\/\/W3C\/\/DTD HTML 4.0 Transitional\/\/EN\" \"http:\/\/www.w3.org\/TR\/REC-html40\/loose.dtd\">\n<html><body><p>La subsecretaria, Carlina Duplessis mediante el Consorcio de Gesti&oacute;n Local entreg&oacute; fondos, por un monto total de 65. 000 pesos, a la Uni&oacute;n Vecinal el Top&oacute;n del departamento de Tunuy&aacute;n.<\/p>\n<p>&ldquo;Desde el Consorcio nos hemos propuesto llegar a todos los rincones de la provincia&rdquo;, se&ntilde;al&oacute; Duplessis y agreg&oacute;: &ldquo;porque queremos que el Consorcio sea una herramienta de inclusi&oacute;n social, un porcentaje del desembolso que ha recibido la Uni&oacute;n Vecinal el Top&oacute;n va a estar destinado a emprendedores con capacidades diferentes.&rdquo;<\/p>\n<p>Esta Uni&oacute;n Vecinal es la primera vez que recibe fondos por parte del Consorcio de Gesti&oacute;n Local, dinero que estar&aacute; destinado a microcr&eacute;ditos para peque&ntilde;os emprendimientos agropecuarios y de servicios. &ldquo;Ya estamos anotando gente con emprendimientos muy variados. Estos emprendimientos pertenecen a personas que tienen dificultades para acceder a cr&eacute;ditos tradicionales, por eso estos fondos del Consorcio representan una gran ayuda para el Departamento de Tunuy&aacute;n&rdquo; sostuvo Viviana Baz&aacute;n, presidenta de la Uni&oacute;n Vecinal.<\/p>\n<p>La firma del convenio se llev&oacute; a cabo en la sede de la Uni&oacute;n Vecinal, ubicada en Godoy Cruz y Mitre de Tunuy&aacute;n. Fue ante numerosos vecinos del lugar y emprendedores. Estuvieron presentes la subsecretaria de Desarrollo Humano y Comunidad, Carlina Duplessis; la senadora nacional Patricia Fadel; la Presidenta de la Uni&oacute;n Vecinal, Viviana Baz&aacute;n y concejales del Departamento de Tunuy&aacute;n.<\/p>\n<p>Para finalizar el encuentro se realiz&oacute; el corte de cinta inaugural de la nueva sede de la Uni&oacute;n Vecinal.<\/p>\n<p>Cabe destacar que ma&ntilde;ana, El ministro, Carlos Ciurca junto con la subsecretaria de Desarrollo Humano y Comunidad, Carlina Duplessis presidir&aacute;n el acto de inauguraci&oacute;n de la sede del Consorcio de Gesti&oacute;n Local. El espacio abrir&aacute; sus puertas para prestar un mejor servicio a los emprendedores de la provincia. Ser&aacute; a las 19, en Mitre 534 de Ciudad.<\/p>\n<p>Fuente: Prensa Desarrollo Humano, Familia y Comunidad<\/p>\n<\/body><\/html>\n","protected":false},"excerpt":{"rendered":"La subsecretaria, Carlina Duplessis mediante el Consorcio de Gesti&oacute;n Local entreg&oacute; fondos, por un monto total de 65. 000 pesos, a la Uni&oacute;n Vecinal el Top&oacute;n del departamento de Tunuy&aacute;n. &ldquo;Desde el Consorcio nos hemos propuesto llegar a todos los rincones de la provincia&rdquo;, se&ntilde;al&oacute; Duplessis y agreg&oacute;: &ldquo;porque queremos que el Consorcio sea una&#8230; <a class=\"view-article\" href=\"https:\/\/www.mendoza.gov.ar\/prensa\/elconsorcio-de-gestion-local-entrego-65-000-a-la-union-vecinal-el-topon\/\"><\/a>","protected":false},"author":3,"featured_media":0,"comment_status":"closed","ping_status":"open","sticky":false,"template":"","format":"standard","meta":[],"categories":[11],"tags":[],"_links":{"self":[{"href":"https:\/\/www.mendoza.gov.ar\/prensa\/wp-json\/wp\/v2\/posts\/17317"}],"collection":[{"href":"https:\/\/www.mendoza.gov.ar\/prensa\/wp-json\/wp\/v2\/posts"}],"about":[{"href":"https:\/\/www.mendoza.gov.ar\/prensa\/wp-json\/wp\/v2\/types\/post"}],"author":[{"embeddable":true,"href":"https:\/\/www.mendoza.gov.ar\/prensa\/wp-json\/wp\/v2\/users\/3"}],"replies":[{"embeddable":true,"href":"https:\/\/www.mendoza.gov.ar\/prensa\/wp-json\/wp\/v2\/comments?post=17317"}],"version-history":[{"count":0,"href":"https:\/\/www.mendoza.gov.ar\/prensa\/wp-json\/wp\/v2\/posts\/17317\/revisions"}],"wp:attachment":[{"href":"https:\/\/www.mendoza.gov.ar\/prensa\/wp-json\/wp\/v2\/media?parent=17317"}],"wp:term":[{"taxonomy":"category","embeddable":true,"href":"https:\/\/www.mendoza.gov.ar\/prensa\/wp-json\/wp\/v2\/categories?post=17317"},{"taxonomy":"post_tag","embeddable":true,"href":"https:\/\/www.mendoza.gov.ar\/prensa\/wp-json\/wp\/v2\/tags?post=17317"}],"curies":[{"name":"wp","href":"https:\/\/api.w.org\/{rel}","templated":true}]}}