{"id":17418,"date":"2010-04-14T00:00:00","date_gmt":"2010-04-14T00:00:00","guid":{"rendered":"http:\/\/prensa.wp2.mendoza.gov.ar\/?p=17418"},"modified":"2010-04-14T00:00:00","modified_gmt":"2010-04-14T00:00:00","slug":"randazzo-en-mendoza-hablo-de-politica-nacional-y-destaco-el-trabajo-de-jaque","status":"publish","type":"post","link":"https:\/\/www.mendoza.gov.ar\/prensa\/randazzo-en-mendoza-hablo-de-politica-nacional-y-destaco-el-trabajo-de-jaque\/","title":{"rendered":"RANDAZZO EN MENDOZA HABL\u00d3 DE POL\u00cdTICA NACIONAL Y DESTAC\u00d3 EL TRABAJO DE JAQUE"},"content":{"rendered":"<!DOCTYPE html PUBLIC \"-\/\/W3C\/\/DTD HTML 4.0 Transitional\/\/EN\" \"http:\/\/www.w3.org\/TR\/REC-html40\/loose.dtd\">\n<html><body><p>Es un gusto estar aqu&iacute; inaugurando este Centro de Documentaci&oacute;n R&aacute;pida &ndash; dijo Randazzo- con amigos como es el caso de Celso que siempre nos est&aacute; acompa&ntilde;ando en esta acci&oacute;n de gobierno que estamos llevando adelante; al diputado, Guillermo Pereyra; a mi amiga Patricia Fadel; al equipo de Celso: a los ministros, a intendentes, a los hombres y mujeres que integran el Registro Nacional de las Personas y en este caso el Registro Provincial de las Personas.<\/p>\n<p>Nosotros recordamos en esta etapa una frase que sintetiza lo que est&aacute; viviendo la Argentina que dice que &ldquo;a los bur&oacute;cratas se los reconoce a lo lejos porque no aspiran a transformar sino a explotar&rdquo;. Nosotros aspiramos a transformar.<\/p>\n<p>Vivimos en una Argentina que est&aacute; en un proceso de transformaci&oacute;n fenomenal. Yo soy un hombre del Interior, de una ciudad muy chica, de Chivilcoy de la Provincia de Buenos Aires. As&iacute; que tengo una sensibilidad muy particular como tienen los hombres del interior que conforman las provincias federales y yo les aseguro que la Argentina est&aacute; viviendo un proceso de transformaci&oacute;n fenomenal que implica necesariamente discusiones y en la Argentina hay discusiones y las discusiones generan reacci&oacute;n porque se discuten intereses.<\/p>\n<p><strong>&ldquo;Si a la Argentina le va mal, a Mendoza le va mal&rdquo;<\/strong><\/p>\n<p>Es cierto que muchas veces nosotros en la forma nos hemos equivocado pero tambi&eacute;n es cierto que en el fondo de cada una de las decisiones hay un esp&iacute;ritu de una Argentina m&aacute;s justa, con m&aacute;s dignidad, con mejor distribuci&oacute;n del ingreso. Por eso, hoy la Argentina est&aacute; discutiendo temas de una agenda positiva, estamos discutiendo c&oacute;mo mantenemos la estabilidad macroecon&oacute;mica. &iquest;Saben por qu&eacute;? Porque no hay ninguna posibilidad que a los mendocinos les vaya bien si a la Argentina le va mal.<\/p>\n<p>Es mentira que le puede ir bien a Mendoza si le va mal al pa&iacute;s, &nbsp;si no recordemos: el a&ntilde;o 2000, el a&ntilde;o 2001 &iquest;Qu&eacute; le pasaba a los mendocinos cuando la Argentina entraba en un proceso de crisis fenomenal? Mantener la pol&iacute;tica macroecon&oacute;mica requiere de responsabilidad, requiere de la valent&iacute;a de hombres como Celso Jaque que entienden que hay un inter&eacute;s superior por encima del inter&eacute;s mezquino y muchas veces especulativo de algunas discusiones que no tienen demasiado sentido.<\/p>\n<p>&iquest;Qu&eacute; es la estabilidad macroecon&oacute;mica? Es seguir manteniendo super&aacute;vit fiscal, es decir, es tener m&aacute;s ingresos que gasto. Es seguir manteniendo el super&aacute;vit comercial para que la Argentina tenga m&aacute;s exportaciones que importaciones. Por supuesto que nosotros bregamos para que las exportaciones argentinas tengan valor agregado. Nosotros no queremos una Argentina que exporte productos primarios y que despu&eacute;s importe productos que vienen de afuera, porque con esos productos que vienen de afuera lo que estamos haciendo es importar trabajo, mano de obra a Argentina, que lo podemos hacer en nuestro pa&iacute;s. Por eso la defensa en el a&ntilde;o 2009 de nuestra Presidenta para limitar las importaciones &ndash;s&iacute;, limitar las importaciones, no tengamos verg&uuml;enza- porque estamos defendiendo el trabajo argentino, estamos defendiendo la mano de obra, la industria como el calzado, en textil. Estamos defendiendo el trabajo argentino.<\/p>\n<p><strong>&nbsp;&ldquo;Limitaremos el comercio con China si eso afecta a nuestros trabajadores&rdquo;<\/strong><\/p>\n<p>Por eso hoy la discusi&oacute;n que se est&aacute; dando por ejemplo, con China. Nosotros no vamos a permitir que la Argentina libremente abra el mercado comercial con un pa&iacute;s como China, sin ning&uacute;n tipo de limitaciones porque s&iacute; vamos a poder exportar seguramente los 1.600 millones de aceite de soja. Pero si abrimos las importaciones vamos a dejar a millones de argentinos sin trabajo.<\/p>\n<p>La balanza comercial de Argentina con China en el a&ntilde;o 2009 fue 1.100 millones de d&oacute;lares favorables a China y en este primer trimestre 600 millones de d&oacute;lares favorables a China. Es mentira, no existe en el mundo esto que nos han hecho creer durante la d&eacute;cada del &lsquo;90 que el mercado todo lo puede, que en realidad la libre circulaci&oacute;n de bienes en un Estado donde nada lo puede regula el mundo, es mentira eso.<\/p>\n<p>Queremos que la Argentina hoy viva un proceso de desendeudamiento importante. Que mejore la relaci&oacute;n deuda-producto bruto interno, que era de 142% en el a&ntilde;o 2003 y ahora estamos en 42%. Por eso decidimos utilizar las reservas, reservas que por otra parte se han conseguido a partir del esfuerzo del pueblo argentino con un modelo virtuoso desde el punto de vista econ&oacute;mico. Porque creemos que es necesario honrar las deudas para que baje la tasa de inter&eacute;s en la Argentina, que es muy alta en relaci&oacute;n con otros pa&iacute;ses de la regi&oacute;n y la forma que ha decidido la Presidenta, es tomar reservas que al Banco Central le pagan el 0,5%, ese inter&eacute;s que lo pague el Tesoro Nacional y nos ahorremos el 14% en d&oacute;lares que estamos pagando hacia fuera, de eso se trata.<\/p>\n<p><strong>&ldquo;Critican el decreto de necesidad y urgencia que est&aacute; consagrado en la Constituci&oacute;n&rdquo;<\/strong><\/p>\n<p>No es un capricho. La oposici&oacute;n no est&aacute; de acuerdo que sea por un Decreto de Necesidad y Urgencia que est&aacute; consagrado en la Constituci&oacute;n Nacional. Pero, desde el a&ntilde;o 1983 a la fecha, hubo 1063 decretos de necesidad y urgencia y ninguno fue rechazado. La Argentina en la d&eacute;cada del 90 se endeud&oacute; en 80 mil millones de d&oacute;lares. &iquest;Saben con qu&eacute; lo hicieron? Con un decreto com&uacute;n. En el a&ntilde;o 2001, la Argentina se volvi&oacute; a endeudar en 40 mil millones de d&oacute;lares. &iquest;Saben c&oacute;mo lo hicieron al mega canje? Con un decreto com&uacute;n. Resulta ser ahora, que para desendeudarnos hace falta una Ley. Ahora para endeudar a Argentina en 127 mil millones de d&oacute;lares e hipotecar el futuro de miles y miles de argentinos lo hac&iacute;an con un decreto com&uacute;n.<\/p>\n<p>De esto se est&aacute; discutiendo, de seguir adelante en el desarrollo de un mercado interno potente, muy potente, que en realidad no es contradictorio con una Argentina que exporta. La gran clave de este modelo es haber ingresado a millones de argentinos al mercado del trabajo, haber podido jubilar a millones de argentinos, el tema de las asignaciones familiares, la discusi&oacute;n de lo que fue aquella famosa Ley que vot&oacute; el Parlamento Argentino en el fin del 2008 para que el aporte de los trabajadores argentinos vuelva a manos del Estado, esa fue la estafa m&aacute;s grande que se llev&oacute; adelante en la d&eacute;cada del 90, nos dejaron los pasivos, nos dejaron las deudas que deb&iacute;amos pagar a nuestros jubilados y se llevaron los recursos desfinanciando al Estado Argentino en 10 mil millones de d&oacute;lares por a&ntilde;o.<\/p>\n<p>Por supuesto que iban a reaccionar, por supuesto que siguen reaccionando. &iquest;Saben por qu&eacute;? Ganaron desde 1994 hasta el 2008, administrando la plata de nuestros trabajadores y nuestros jubilados. Doce bancos argentinos, doce mil millones de d&oacute;lares comisi&oacute;n. &iquest;C&oacute;mo no van a reaccionar? Si esos recursos hoy los administra el Estado. Tenemos un fondo de garant&iacute;a de sustentabilidad de ciento cincuenta mil millones de pesos para dar garant&iacute;a de calidad para cumplir y honrar los compromisos con nuestros jubilados. Tenemos una Ley que establece la movilidad en setiembre y marzo de todos los a&ntilde;os que ya ha permitido que en el &uacute;ltimo a&ntilde;o y medio de aplicaci&oacute;n tengan un aumento autom&aacute;tico del 27%.<\/p>\n<p>La buena administraci&oacute;n de este fondo de sustentabilidad nos ha permitido pagar las asignaciones familiares a los hijos de los trabajadores informales y desocupados para darles igualdad de derechos y de oportunidades. Y esto es fundamental, esto ha permitido que incrementemos la matr&iacute;cula escolar en el 25% del secundario, en el 20% del primario, que la industria del calzado haya aumentado su producci&oacute;n en el 25%. S&iacute;, hab&iacute;a chicos que estaban descalzos, hab&iacute;a chicos que no pod&iacute;an ir a la escuela y con esta asignaci&oacute;n estamos reparando una deuda hist&oacute;rica.<\/p>\n<p><strong>&ldquo;En Argentina hay dos modelos pol&iacute;ticos&rdquo;<\/strong><\/p>\n<p>Estas son las cosas que se discuten en la Argentina, es mentira que se discute la forma, muchas veces nos equivocamos en la forma y debemos corregir esa forma porque sino el &aacute;rbol nos tapa el bosque sobre todo con aquellos que no quieren discutir el fondo. Hay muchos que no quieren discutir el fondo -de esto que tambi&eacute;n explicaba el ministro (Mario Adaro) con respecto al modelo. &nbsp;Ac&aacute; van a confrontar dos modelos: este modelo que nosotros venimos sosteniendo desde hace mucho tiempo y que nosotros creemos y estamos convencidos que es el camino de transformaci&oacute;n que necesita la Argentina o volver a lo anterior cuando hablan de no pagar la deuda, &iexcl;y otros pagaron con ajustes! De hecho no est&aacute; muy lejos el recorte a los trabajadores docentes, a los empleados p&uacute;blicos, el recorte al presupuesto universitario.<\/p>\n<p>Y hay otros que en realidad pretenden ir al mercado financiero, como acaba de ir el Gobierno de la Ciudad de Buenos Aires, a tasas del 12% de inter&eacute;s en d&oacute;lares y al 2% de comisi&oacute;n. Nosotros no estamos de acuerdo con eso. Estamos de acuerdo con seguir potencializando un mercado interno que tambi&eacute;n necesariamente necesita una comprensi&oacute;n de nuestros empresarios, de quienes producen bienes, de quienes manejan las cadenas distributivas, de quienes comercializan. Para que no se repita la vieja historia en la Argentina que cuando la Argentina est&aacute; mejor, cuando el trabajador recupera parte de su salario. &iquest;Qu&eacute; es lo que hacen, hist&oacute;ricamente? Aumentan los precios y le ponen la responsabilidad al Gobierno.<\/p>\n<p>Nosotros estamos convencidos que es necesario comprender que la responsabilidad es de todos, absolutamente de todos, de aquellos incluso que muchas veces hacen declaraciones irresponsables con respecto al tema de la inflaci&oacute;n. La inflaci&oacute;n tambi&eacute;n provoca expectativas. Debemos ser prudentes para que este proceso se consolide definitivamente. Por eso, estamos convencidos que es necesario sostener esta pol&iacute;tica, estamos agradecidos de hombres como el gobernador de la provincia de Mendoza que comprende qu&eacute; es lo importante y qu&eacute; es lo accesorio.<\/p>\n<p><strong>&ldquo;Vamos a discutir una nueva Ley federal de Impuestos&rdquo;<\/strong><\/p>\n<p>&nbsp;Estamos discutiendo una nueva Ley Federal de Impuestos, por supuesto que es necesario discutirla. Este gobernador es uno de los gobernadores que m&aacute;s motivaci&oacute;n tiene sobre este tema pero tenemos que hacerlo con responsabilidad, para finalmente no pedir esta &nbsp;macroestabilidad que tiene la Argentina.<\/p>\n<p>Pero hay que tener en claro que no existe territorio nacional que no sean las 23 provincias y el gobierno de la ciudad de Buenos Aires &iexcl;Que la inversi&oacute;n nacional va a todas las provincias, absolutamente en todas las provincias! Que ser&iacute;a imposible que un gobierno Nacional llevase adelante obras como la de la l&iacute;nea del Comahue Cuyo si no tendr&iacute;a esos recursos para hacer obra p&uacute;blica en aquellas zonas que son estrat&eacute;gicas. Como por ejemplo, ahora la licitaci&oacute;n a la hidroel&eacute;ctrica a Los Blancos en la provincia de Mendoza. Nosotros tenemos necesariamente algunas obras de caracter&iacute;sticas estrat&eacute;gicas por su integraci&oacute;n que lleva adelante el gobierno Nacional. Pero, por otra parte, tenemos que garantizar la estabilidad que necesita la Argentina para que cada provincia siga adelante.<\/p>\n<p>Y en ese sentido, se enmarca esta nueva visi&oacute;n que tiene el Estado que tenemos nosotros, un Estado inteligente, no un Estado bobo, ausente. &iquest;Qu&eacute; es un Estado inteligente? Un Estado que escucha, que participa, que regula, que interviene para resolver las desigualdades. Cuando en realidad cre&iacute;mos que eso lo pod&iacute;as hacer el mercado, creyeron algunos que lo pod&iacute;a hacer el mercado, ustedes saben cual fue el final.<\/p>\n<p>Y &eacute;sta es una prueba clara y concreta que cuando hay compromiso pol&iacute;tico, cuando hay decisi&oacute;n pol&iacute;tica, cuando hay capacidad t&eacute;cnica, cuando hay transparencia el Estado puede estar a la altura de la mejor empresa privada que marca la diferencia con la d&eacute;cada del 90.<\/p>\n<p><strong>&ldquo;Derecho a la identidad sin venganza sino para reconstruir el futuro&rdquo;<\/strong><\/p>\n<p>Nuestro gobierno trabaj&oacute; para modernizar la confecci&oacute;n de los DNI para que los argentinos tengan su verdadera identidad. Tenemos derecho de saber quienes somos en un momento clave que vive la Argentina que no tiene que ver con un sentimiento ni de venganza ni de rencor, tiene que ver con la posibilidad de reconstruir futuro si hay memoria, si hay justicia y si hay verdad. &iexcl;Hay que terminar con la hipocres&iacute;a! A cualquiera de nosotros que nos hubieran matado a un hijo seguramente quisi&eacute;ramos saber la verdad de lo que pas&oacute;. Y si no podemos saber la verdad de lo que pas&oacute;, desear&iacute;amos saber quienes son nuestros nietos. De eso se trata, nada m&aacute;s ni nada menos que eso. Por eso celebramos el fallo ayer de la C&aacute;mara de Casaci&oacute;n Penal que obliga a que estos pobres chicos que son v&iacute;ctimas &iexcl;v&iacute;ctimas! de seguramente o no, una expropiaci&oacute;n ilegal o no, puedan hacerse un ADN contra el Banco de Datos Nacionales Gen&eacute;ticos.<\/p>\n<p>Y eso tambi&eacute;n trae conflicto. Y muchas veces eso hace que se tergiverse la verdad, que se omita la verdad, que se calumnie, que se injurie, que tal vez sea -aquello que sintetiza mejor- la alteraci&oacute;n de la paz social. Pero esto (el CDR) es una prueba de que hay un Estado presente, y un Estado que en realidad abandon&oacute; como un eje central el tema de la corrupci&oacute;n como fue el contrato con Siemens. El contrato &nbsp;de Siemens con el Estado Nacional en la d&eacute;cada del 90 era por 1.260 millones de d&oacute;lares. Esto est&aacute; investigado en la Justicia, en la Justicia alemana. Esto signific&oacute; que Siemens haya pagado una multa en la Comisi&oacute;n Nacional de valores de Estados Unidos y en la Comunidad Econ&oacute;mica Europea. Hay muchos funcionarios investigados por esto. Nosotros rescindimos el contrato con Siemens sin ning&uacute;n tipo de costo para el Estado. Firmamos un renunciamiento de un laudo que ten&iacute;a ganado la empresa Siemens sobre el Estado Nacional hace pocos meses.<\/p>\n<p>Y empezamos el primer d&iacute;a de gesti&oacute;n, lo tomamos como un desaf&iacute;o personal el tener un Documento Nacional de Identidad y lo logramos con un equipo de hombre y mujeres comprometidos. Lo primero que hicimos fue digitalizar 50 millones de fichas dactilares que en realidad en cada ficha de esa se encuentra la identidad de cada uno de nosotros. Estaban abandonadas en 3 subsuelos que hac&iacute;an que cada una de nosotros cuando ten&iacute;amos que llevar adelante la confecci&oacute;n del nuevo DNI deb&iacute;amos ir a buscar la ficha agarrando una lupa, chequear las huellas dactilosc&oacute;picas y reci&eacute;n ah&iacute; pod&iacute;amos empezar a hacer la confecci&oacute;n del documento que se hac&iacute;a a mano. Lo primero que hicimos fue digitalizar esas 50 millones de fichas, despu&eacute;s empezamos a capacitar al personal, incorporamos tecnolog&iacute;a a trav&eacute;s de una licitaci&oacute;n nacional de Naciones Unidas para obtener el costo m&aacute;s barato. Los muchachos que est&aacute;n ac&aacute; son los inform&aacute;ticos que desarrollaron el software libre sin ning&uacute;n tipo de costo ni licencia que sabemos que muchas veces es ah&iacute; donde se esconden los mayores costos.<\/p>\n<p>No tercerizamos absolutamente nada y pudimos generar una f&aacute;brica que es un orgullo para el Estado Nacional, en la Capital Federal, que es la que emite este documento nuevo: mucho m&aacute;s seguro, m&aacute;s econ&oacute;mico, con dos soportes uno libreta celeste y uno tarjeta -que digo yo, mata C&eacute;dula Federal- que sirve para todo, menos para votar. En un tr&aacute;mite que dej&oacute; de ser engorroso, va a ser muy r&aacute;pido. La idea es que cada uno de ustedes, cada ciudadano pueda venir ac&aacute; a hacer un tr&aacute;mite totalmente digital. La foto es digital, la impresi&oacute;n es digital y la firma es digital. Cuando la impresi&oacute;n de las huellas digitales est&aacute; siendo tomada ac&aacute; se chequea a trav&eacute;s de una base de datos que tenemos en la f&aacute;brica, autom&aacute;ticamente val&iacute;a el dato y emite la orden de confecci&oacute;n del documento. Ustedes se van y entre 5 y 10 d&iacute;as llega el correo argentino y le entrega el DNI en la casa de cada uno de ustedes.<\/p>\n<p>Simplemente, y para finalizar sostenemos que en los cambios est&aacute;n en los hechos. Hoy los hechos hablan por nosotros. &iexcl;Muchas gracias!&rdquo;.<\/p>\n<p>Edici&oacute;n: Sandra Pizarro<\/p>\n<p>&nbsp;<\/p>\n<p>El ministro del Interior, Florencio Randazzo<\/p>\n<p>Inauguraci&oacute;n del Centro de Documentaci&oacute;n R&aacute;pido<\/p>\n<\/body><\/html>\n","protected":false},"excerpt":{"rendered":"Es un gusto estar aqu&iacute; inaugurando este Centro de Documentaci&oacute;n R&aacute;pida &ndash; dijo Randazzo- con amigos como es el caso de Celso que siempre nos est&aacute; acompa&ntilde;ando en esta acci&oacute;n de gobierno que estamos llevando adelante; al diputado, Guillermo Pereyra; a mi amiga Patricia Fadel; al equipo de Celso: a los ministros, a intendentes, a&#8230; <a class=\"view-article\" href=\"https:\/\/www.mendoza.gov.ar\/prensa\/randazzo-en-mendoza-hablo-de-politica-nacional-y-destaco-el-trabajo-de-jaque\/\"><\/a>","protected":false},"author":3,"featured_media":0,"comment_status":"closed","ping_status":"open","sticky":false,"template":"","format":"standard","meta":[],"categories":[20],"tags":[],"_links":{"self":[{"href":"https:\/\/www.mendoza.gov.ar\/prensa\/wp-json\/wp\/v2\/posts\/17418"}],"collection":[{"href":"https:\/\/www.mendoza.gov.ar\/prensa\/wp-json\/wp\/v2\/posts"}],"about":[{"href":"https:\/\/www.mendoza.gov.ar\/prensa\/wp-json\/wp\/v2\/types\/post"}],"author":[{"embeddable":true,"href":"https:\/\/www.mendoza.gov.ar\/prensa\/wp-json\/wp\/v2\/users\/3"}],"replies":[{"embeddable":true,"href":"https:\/\/www.mendoza.gov.ar\/prensa\/wp-json\/wp\/v2\/comments?post=17418"}],"version-history":[{"count":0,"href":"https:\/\/www.mendoza.gov.ar\/prensa\/wp-json\/wp\/v2\/posts\/17418\/revisions"}],"wp:attachment":[{"href":"https:\/\/www.mendoza.gov.ar\/prensa\/wp-json\/wp\/v2\/media?parent=17418"}],"wp:term":[{"taxonomy":"category","embeddable":true,"href":"https:\/\/www.mendoza.gov.ar\/prensa\/wp-json\/wp\/v2\/categories?post=17418"},{"taxonomy":"post_tag","embeddable":true,"href":"https:\/\/www.mendoza.gov.ar\/prensa\/wp-json\/wp\/v2\/tags?post=17418"}],"curies":[{"name":"wp","href":"https:\/\/api.w.org\/{rel}","templated":true}]}}