{"id":17423,"date":"2010-04-20T00:00:00","date_gmt":"2010-04-20T00:00:00","guid":{"rendered":"http:\/\/prensa.wp2.mendoza.gov.ar\/?p=17423"},"modified":"2010-04-20T00:00:00","modified_gmt":"2010-04-20T00:00:00","slug":"manana-lanzaran-un-programa-para-fortalecer-el-accionar-de-la-direccion-de-personas-juridicas","status":"publish","type":"post","link":"https:\/\/www.mendoza.gov.ar\/prensa\/manana-lanzaran-un-programa-para-fortalecer-el-accionar-de-la-direccion-de-personas-juridicas\/","title":{"rendered":"MA\u00d1ANA LANZAR\u00c1N UN PROGRAMA PARA FORTALECER EL ACCIONAR DE LA DIRECCI\u00d3N DE PERSONAS JUR\u00cdDICAS"},"content":{"rendered":"<!DOCTYPE html PUBLIC \"-\/\/W3C\/\/DTD HTML 4.0 Transitional\/\/EN\" \"http:\/\/www.w3.org\/TR\/REC-html40\/loose.dtd\">\n<html><body><p>El gobernador Celso Jaque y el ministro de Gobierno, Justicia y Derechos Humanos, Mario Adaro, firmar&aacute;n ma&ntilde;ana, a las 10, en el sal&oacute;n Patricias, del cuarto piso de la Casa de Gobierno, el acta de inicio de la ejecuci&oacute;n del Proyecto de Fortalecimiento Institucional de la Direcci&oacute;n de Personas Jur&iacute;dicas-Ventanilla &Uacute;nica de Creaci&oacute;n de Empresas.<\/p>\n<p>Adem&aacute;s, dar&aacute;n a conocer la asistencia t&eacute;cnica no reembolsable, un subsidio, a trav&eacute;s del Programa de Fortalecimiento Institucional Productivo y de Gesti&oacute;n Fiscal Provincial (PROFIP), destinado al financiamiento total de la Etapa 1 del proyecto por un monto de $2.600.000, y recibir&aacute;n el equipamiento inform&aacute;tico. <\/p>\n<p>Los objetivos fundamentales de este proyecto son incentivar la apertura y la radicaci&oacute;nde nuevas empresas en Mendoza y facilitar la formalizaci&oacute;n de compa&ntilde;&iacute;as existentes, en el marco de una campa&ntilde;a de atracci&oacute;n de inversiones y generaci&oacute;n de empleo de calidad para los mendocinos. <\/p>\n<p>Esta pol&iacute;tica de Estado tiende a asegurar la interrelaci&oacute;n efectiva entre sus organismos y a mejorar la atenci&oacute;n del ciudadano.<\/p>\n<p><strong>Fuente:<\/strong> Prensa Ministerio de Gobierno, Justicia y Derechos Humanos<\/p>\n<p><strong>Edici&oacute;n: <\/strong>Gabriel Espejo <\/p>\n<\/body><\/html>\n","protected":false},"excerpt":{"rendered":"El gobernador Celso Jaque y el ministro de Gobierno, Justicia y Derechos Humanos, Mario Adaro, firmar&aacute;n ma&ntilde;ana, a las 10, en el sal&oacute;n Patricias, del cuarto piso de la Casa de Gobierno, el acta de inicio de la ejecuci&oacute;n del Proyecto de Fortalecimiento Institucional de la Direcci&oacute;n de Personas Jur&iacute;dicas-Ventanilla &Uacute;nica de Creaci&oacute;n de Empresas&#8230;. <a class=\"view-article\" href=\"https:\/\/www.mendoza.gov.ar\/prensa\/manana-lanzaran-un-programa-para-fortalecer-el-accionar-de-la-direccion-de-personas-juridicas\/\"><\/a>","protected":false},"author":3,"featured_media":0,"comment_status":"closed","ping_status":"open","sticky":false,"template":"","format":"standard","meta":[],"categories":[20],"tags":[],"_links":{"self":[{"href":"https:\/\/www.mendoza.gov.ar\/prensa\/wp-json\/wp\/v2\/posts\/17423"}],"collection":[{"href":"https:\/\/www.mendoza.gov.ar\/prensa\/wp-json\/wp\/v2\/posts"}],"about":[{"href":"https:\/\/www.mendoza.gov.ar\/prensa\/wp-json\/wp\/v2\/types\/post"}],"author":[{"embeddable":true,"href":"https:\/\/www.mendoza.gov.ar\/prensa\/wp-json\/wp\/v2\/users\/3"}],"replies":[{"embeddable":true,"href":"https:\/\/www.mendoza.gov.ar\/prensa\/wp-json\/wp\/v2\/comments?post=17423"}],"version-history":[{"count":0,"href":"https:\/\/www.mendoza.gov.ar\/prensa\/wp-json\/wp\/v2\/posts\/17423\/revisions"}],"wp:attachment":[{"href":"https:\/\/www.mendoza.gov.ar\/prensa\/wp-json\/wp\/v2\/media?parent=17423"}],"wp:term":[{"taxonomy":"category","embeddable":true,"href":"https:\/\/www.mendoza.gov.ar\/prensa\/wp-json\/wp\/v2\/categories?post=17423"},{"taxonomy":"post_tag","embeddable":true,"href":"https:\/\/www.mendoza.gov.ar\/prensa\/wp-json\/wp\/v2\/tags?post=17423"}],"curies":[{"name":"wp","href":"https:\/\/api.w.org\/{rel}","templated":true}]}}