{"id":17427,"date":"2010-04-22T00:00:00","date_gmt":"2010-04-22T00:00:00","guid":{"rendered":"http:\/\/prensa.wp2.mendoza.gov.ar\/?p=17427"},"modified":"2010-04-22T00:00:00","modified_gmt":"2010-04-22T00:00:00","slug":"adaro-preside-la-xv-reunion-nacional-de-personas-juridicas-y-registros-publicos","status":"publish","type":"post","link":"https:\/\/www.mendoza.gov.ar\/prensa\/adaro-preside-la-xv-reunion-nacional-de-personas-juridicas-y-registros-publicos\/","title":{"rendered":"ADARO PRESIDE LA XV REUNI\u00d3N NACIONAL DE PERSONAS JUR\u00cdDICAS Y REGISTROS P\u00daBLICOS"},"content":{"rendered":"<!DOCTYPE html PUBLIC \"-\/\/W3C\/\/DTD HTML 4.0 Transitional\/\/EN\" \"http:\/\/www.w3.org\/TR\/REC-html40\/loose.dtd\">\n<html><body><p>El ministro de Gobierno, Justicia y Derechos Humanos, Mario Adaro junto al director de Personas Jur&iacute;dicas, Jorge Romera ser&aacute;n los encargados de encabezar el acto de apertura del evento.<\/p>\n<p>La Direcci&oacute;n de Personas Jur&iacute;dicas provincial efectuar&aacute; una prueba del sistema de Ventanilla &Uacute;nica que se est&aacute; ejecutando y por medio del cual se otorga el CUIT -Clave &Uacute;nica de Identificaci&oacute;n Tributaria- a las sociedades. <\/p>\n<p>A trav&eacute;s del nuevo sistema, los interesados realizan el tr&aacute;mite que comienza con la inscripci&oacute;n en el Registro P&uacute;blico de Comercio via online con AFIP y esta remite, por la misma v&iacute;a, el CUIT a la sociedad que lo solicit&oacute;. Se calcula que el procedimiento durar&aacute; alrededor de tres minutos y ser&aacute; una prueba piloto que, adem&aacute;s, servir&aacute; de ejemplo para que lo utilicen otras reparticiones del pa&iacute;s. <\/p>\n<\/body><\/html>\n","protected":false},"excerpt":{"rendered":"El ministro de Gobierno, Justicia y Derechos Humanos, Mario Adaro junto al director de Personas Jur&iacute;dicas, Jorge Romera ser&aacute;n los encargados de encabezar el acto de apertura del evento. La Direcci&oacute;n de Personas Jur&iacute;dicas provincial efectuar&aacute; una prueba del sistema de Ventanilla &Uacute;nica que se est&aacute; ejecutando y por medio del cual se otorga el&#8230; <a class=\"view-article\" href=\"https:\/\/www.mendoza.gov.ar\/prensa\/adaro-preside-la-xv-reunion-nacional-de-personas-juridicas-y-registros-publicos\/\"><\/a>","protected":false},"author":3,"featured_media":0,"comment_status":"closed","ping_status":"open","sticky":false,"template":"","format":"standard","meta":[],"categories":[20],"tags":[],"_links":{"self":[{"href":"https:\/\/www.mendoza.gov.ar\/prensa\/wp-json\/wp\/v2\/posts\/17427"}],"collection":[{"href":"https:\/\/www.mendoza.gov.ar\/prensa\/wp-json\/wp\/v2\/posts"}],"about":[{"href":"https:\/\/www.mendoza.gov.ar\/prensa\/wp-json\/wp\/v2\/types\/post"}],"author":[{"embeddable":true,"href":"https:\/\/www.mendoza.gov.ar\/prensa\/wp-json\/wp\/v2\/users\/3"}],"replies":[{"embeddable":true,"href":"https:\/\/www.mendoza.gov.ar\/prensa\/wp-json\/wp\/v2\/comments?post=17427"}],"version-history":[{"count":0,"href":"https:\/\/www.mendoza.gov.ar\/prensa\/wp-json\/wp\/v2\/posts\/17427\/revisions"}],"wp:attachment":[{"href":"https:\/\/www.mendoza.gov.ar\/prensa\/wp-json\/wp\/v2\/media?parent=17427"}],"wp:term":[{"taxonomy":"category","embeddable":true,"href":"https:\/\/www.mendoza.gov.ar\/prensa\/wp-json\/wp\/v2\/categories?post=17427"},{"taxonomy":"post_tag","embeddable":true,"href":"https:\/\/www.mendoza.gov.ar\/prensa\/wp-json\/wp\/v2\/tags?post=17427"}],"curies":[{"name":"wp","href":"https:\/\/api.w.org\/{rel}","templated":true}]}}