{"id":17433,"date":"2010-04-26T00:00:00","date_gmt":"2010-04-26T00:00:00","guid":{"rendered":"http:\/\/prensa.wp2.mendoza.gov.ar\/?p=17433"},"modified":"2010-04-26T00:00:00","modified_gmt":"2010-04-26T00:00:00","slug":"la-septima-semana-argentina-de-la-salud-y-la-seguridad-en-el-trabajo-comenzara-manana-en-mendoza","status":"publish","type":"post","link":"https:\/\/www.mendoza.gov.ar\/prensa\/la-septima-semana-argentina-de-la-salud-y-la-seguridad-en-el-trabajo-comenzara-manana-en-mendoza\/","title":{"rendered":"LA S\u00c9PTIMA SEMANA ARGENTINA DE LA SALUD Y LA SEGURIDAD EN EL TRABAJO COMENZAR\u00c1 MA\u00d1ANA EN MENDOZA"},"content":{"rendered":"<!DOCTYPE html PUBLIC \"-\/\/W3C\/\/DTD HTML 4.0 Transitional\/\/EN\" \"http:\/\/www.w3.org\/TR\/REC-html40\/loose.dtd\">\n<html><body><p>Se realizar&aacute; ma&ntilde;ana en nuestra provincia la S&eacute;ptima Semana Argentina de la Salud y Seguridad en el Trabajo, organizada por la Superintendencia de Riesgos de Trabajo de la Naci&oacute;n, que tendr&aacute; lugar desde las 9 en el auditorio &Aacute;ngel Bustelo, del Centro de Congresos y Exposiciones de Ciudad. El encuentro se extender&aacute; hasta el mi&eacute;rcoles a las 17, cuando ser&aacute;n le&iacute;das las conclusiones.<\/p>\n<p>El programa prev&eacute; compartir conocimientos y experiencias para forjar consensos y compromisos, adem&aacute;s de  presentar los resultados y la prospectiva de la primera encuesta de trabajo, las condiciones y el medio ambiente laboral, y el nuevo marco normativo en prevenci&oacute;n, y analizar los indicadores de accidentabilidad por provincia y sector econ&oacute;mico.<\/p>\n<p>De esta manera, la Superintendencia, junto a las autoridades provinciales, intenta recrear un espacio para el desarrollo del di&aacute;logo social para abordar la prevenci&oacute;n de riesgos laborales, realizando otros eventos simult&aacute;neamente en las ciudades de Buenos Aires, C&oacute;rdoba, Neuqu&eacute;n y Salta.<\/p>\n<p><strong>Fuente: <\/strong>Prensa Ministerio de Gobierno, Justicia y Derechos Humanos<\/p>\n<p><strong>Edici&oacute;n: <\/strong>Gabriel Espejo<\/p>\n<\/body><\/html>\n","protected":false},"excerpt":{"rendered":"Se realizar&aacute; ma&ntilde;ana en nuestra provincia la S&eacute;ptima Semana Argentina de la Salud y Seguridad en el Trabajo, organizada por la Superintendencia de Riesgos de Trabajo de la Naci&oacute;n, que tendr&aacute; lugar desde las 9 en el auditorio &Aacute;ngel Bustelo, del Centro de Congresos y Exposiciones de Ciudad. El encuentro se extender&aacute; hasta el mi&eacute;rcoles&#8230; <a class=\"view-article\" href=\"https:\/\/www.mendoza.gov.ar\/prensa\/la-septima-semana-argentina-de-la-salud-y-la-seguridad-en-el-trabajo-comenzara-manana-en-mendoza\/\"><\/a>","protected":false},"author":3,"featured_media":0,"comment_status":"closed","ping_status":"open","sticky":false,"template":"","format":"standard","meta":[],"categories":[20],"tags":[],"_links":{"self":[{"href":"https:\/\/www.mendoza.gov.ar\/prensa\/wp-json\/wp\/v2\/posts\/17433"}],"collection":[{"href":"https:\/\/www.mendoza.gov.ar\/prensa\/wp-json\/wp\/v2\/posts"}],"about":[{"href":"https:\/\/www.mendoza.gov.ar\/prensa\/wp-json\/wp\/v2\/types\/post"}],"author":[{"embeddable":true,"href":"https:\/\/www.mendoza.gov.ar\/prensa\/wp-json\/wp\/v2\/users\/3"}],"replies":[{"embeddable":true,"href":"https:\/\/www.mendoza.gov.ar\/prensa\/wp-json\/wp\/v2\/comments?post=17433"}],"version-history":[{"count":0,"href":"https:\/\/www.mendoza.gov.ar\/prensa\/wp-json\/wp\/v2\/posts\/17433\/revisions"}],"wp:attachment":[{"href":"https:\/\/www.mendoza.gov.ar\/prensa\/wp-json\/wp\/v2\/media?parent=17433"}],"wp:term":[{"taxonomy":"category","embeddable":true,"href":"https:\/\/www.mendoza.gov.ar\/prensa\/wp-json\/wp\/v2\/categories?post=17433"},{"taxonomy":"post_tag","embeddable":true,"href":"https:\/\/www.mendoza.gov.ar\/prensa\/wp-json\/wp\/v2\/tags?post=17433"}],"curies":[{"name":"wp","href":"https:\/\/api.w.org\/{rel}","templated":true}]}}