{"id":17442,"date":"2010-05-12T00:00:00","date_gmt":"2010-05-12T00:00:00","guid":{"rendered":"http:\/\/prensa.wp2.mendoza.gov.ar\/?p=17442"},"modified":"2010-05-12T00:00:00","modified_gmt":"2010-05-12T00:00:00","slug":"el-gobernador-entregara-indemnizaciones-a-cesanteados-de-la-administracion-publica-en-la-dictadura","status":"publish","type":"post","link":"https:\/\/www.mendoza.gov.ar\/prensa\/el-gobernador-entregara-indemnizaciones-a-cesanteados-de-la-administracion-publica-en-la-dictadura\/","title":{"rendered":"EL GOBERNADOR ENTREGAR\u00c1 INDEMNIZACIONES A CESANTEADOS DE LA ADMINISTRACI\u00d3N P\u00daBLICA EN LA DICTADURA"},"content":{"rendered":"<!DOCTYPE html PUBLIC \"-\/\/W3C\/\/DTD HTML 4.0 Transitional\/\/EN\" \"http:\/\/www.w3.org\/TR\/REC-html40\/loose.dtd\">\n<html><body><p>El gobernador Celso Jaque, acompa&ntilde;ado por el ministro de Gobierno, Justicia y Derechos Humanos de la Provincia, Mario Adaro, les entregar&aacute; &oacute;rdenes de pago para cobrar indemnizaciones a 93 empleados de la administraci&oacute;n p&uacute;blica local que fueron dados de baja durante la &uacute;ltima dictadura militar. <\/p>\n<p>El acto ser&aacute; ma&ntilde;ana a las 9 en el sal&oacute;n Patricias Mendocinas, de la Gobernaci&oacute;n, en el cuarto piso de la Casa de Gobierno, y adem&aacute;s asistir&aacute;n en la oportunidad el subsecretario de Justicia y Derechos Humanos, Carlos Quiroga; el jefe de gabinete del Ministerio de Gobierno, Justicia y Derechos Humanos, Rub&eacute;n Boris; intendentes, y representantes de gremios estatales y de la asociaci&oacute;n de cesanteados de la dictadura en Mendoza. <\/p>\n<p>Desde el 2006 hasta la fecha ya se han entregado 1.300 indemnizaciones. De &eacute;stas 93, la mayor&iacute;a hab&iacute;an sido rechazadas y apeladas para su reconocimiento, y fueron consideradas por esta gesti&oacute;n de gobierno. <\/p>\n<p>El 22 de febrero del 2006, la Legislatura aprob&oacute; la propuesta de Marcos Garcetti y Oscar Pressacco, del bloque de Fiscal, de reconocer con una indemnizaci&oacute;n a los cesanteados de la administraci&oacute;n p&uacute;blica provincial o entes descentralizados que fueron dados de baja por razones pol&iacute;ticas o gremiales durante el &uacute;ltimo gobierno de facto. En aquella ocasi&oacute;n, los militares en el poder aplicaron los decretos 93 y 177, de 1976, y sin sumario previo, obligaron a renunciar o echaron a esos empleados. <\/p>\n<p>La ley democr&aacute;tica N&ordm;7.496, de febrero del 2006, estipula un subsidio -por &uacute;nica vez- de $30.000 para quienes trabajaron en la administraci&oacute;n p&uacute;blica y fueron dados de baja entre el 24 de marzo de 1976 y el 10 de diciembre de 1983. Entre otros requisitos solicitados para cobrarlo, figuraba no haber recibido una indemnizaci&oacute;n a trav&eacute;s de reclamos judiciales y que, en caso de fallecimiento del agente, el beneficio lo cobrar&iacute;an su c&oacute;nyuge, conviviente con m&aacute;s de diez a&ntilde;os e hijos. <\/p>\n<p>La mayor&iacute;a de los cesanteados durante esos a&ntilde;os pertenec&iacute;an al Partido Justicialista o eran militantes y gremialistas, ya que hab&iacute;an ingresado con la gesti&oacute;n del gobernador peronista Alberto Mart&iacute;nez Baca, en 1973. <\/p>\n<p>\n<\/p>\n<p><strong>Fuente:<\/strong> Prensa Ministerio de Gobierno, Justicia y Derechos Humanos<\/p>\n<p><strong>Edici&oacute;n: <\/strong>Gabriel Espejo<\/p>\n<\/body><\/html>\n","protected":false},"excerpt":{"rendered":"El gobernador Celso Jaque, acompa&ntilde;ado por el ministro de Gobierno, Justicia y Derechos Humanos de la Provincia, Mario Adaro, les entregar&aacute; &oacute;rdenes de pago para cobrar indemnizaciones a 93 empleados de la administraci&oacute;n p&uacute;blica local que fueron dados de baja durante la &uacute;ltima dictadura militar. El acto ser&aacute; ma&ntilde;ana a las 9 en el sal&oacute;n&#8230; <a class=\"view-article\" href=\"https:\/\/www.mendoza.gov.ar\/prensa\/el-gobernador-entregara-indemnizaciones-a-cesanteados-de-la-administracion-publica-en-la-dictadura\/\"><\/a>","protected":false},"author":3,"featured_media":0,"comment_status":"closed","ping_status":"open","sticky":false,"template":"","format":"standard","meta":[],"categories":[20],"tags":[],"_links":{"self":[{"href":"https:\/\/www.mendoza.gov.ar\/prensa\/wp-json\/wp\/v2\/posts\/17442"}],"collection":[{"href":"https:\/\/www.mendoza.gov.ar\/prensa\/wp-json\/wp\/v2\/posts"}],"about":[{"href":"https:\/\/www.mendoza.gov.ar\/prensa\/wp-json\/wp\/v2\/types\/post"}],"author":[{"embeddable":true,"href":"https:\/\/www.mendoza.gov.ar\/prensa\/wp-json\/wp\/v2\/users\/3"}],"replies":[{"embeddable":true,"href":"https:\/\/www.mendoza.gov.ar\/prensa\/wp-json\/wp\/v2\/comments?post=17442"}],"version-history":[{"count":0,"href":"https:\/\/www.mendoza.gov.ar\/prensa\/wp-json\/wp\/v2\/posts\/17442\/revisions"}],"wp:attachment":[{"href":"https:\/\/www.mendoza.gov.ar\/prensa\/wp-json\/wp\/v2\/media?parent=17442"}],"wp:term":[{"taxonomy":"category","embeddable":true,"href":"https:\/\/www.mendoza.gov.ar\/prensa\/wp-json\/wp\/v2\/categories?post=17442"},{"taxonomy":"post_tag","embeddable":true,"href":"https:\/\/www.mendoza.gov.ar\/prensa\/wp-json\/wp\/v2\/tags?post=17442"}],"curies":[{"name":"wp","href":"https:\/\/api.w.org\/{rel}","templated":true}]}}