{"id":17443,"date":"2010-05-12T00:00:00","date_gmt":"2010-05-12T00:00:00","guid":{"rendered":"http:\/\/prensa.wp2.mendoza.gov.ar\/?p=17443"},"modified":"2010-05-12T00:00:00","modified_gmt":"2010-05-12T00:00:00","slug":"funcionarios-de-la-cancilleria-visitaran-mendoza-para-interiorizarse-de-la-situacion-penitenciaria","status":"publish","type":"post","link":"https:\/\/www.mendoza.gov.ar\/prensa\/funcionarios-de-la-cancilleria-visitaran-mendoza-para-interiorizarse-de-la-situacion-penitenciaria\/","title":{"rendered":"FUNCIONARIOS DE LA CANCILLER\u00cdA VISITAR\u00c1N MENDOZA PARA INTERIORIZARSE DE LA SITUACI\u00d3N PENITENCIARIA"},"content":{"rendered":"<!DOCTYPE html PUBLIC \"-\/\/W3C\/\/DTD HTML 4.0 Transitional\/\/EN\" \"http:\/\/www.w3.org\/TR\/REC-html40\/loose.dtd\">\n<html><body><p>En este marco, los asesores Jorge Cardozo y Federico Ramos, y el director de Derechos Humanos Contenciosos, Javier Salgado, se reunir&aacute;n con la directora de Derechos Humanos de la Provincia, Mar&iacute;a Jos&eacute; Ubaldini, para interiorizarse de la situaci&oacute;n de las penitenciar&iacute;as mendocinas. <\/p>\n<p>Funcionarios de la Canciller&iacute;a argentina se reunir&aacute;n con funcionarios provinciales ma&ntilde;ana a las 17 en el Sal&oacute;n de Acuerdos del Ministerio de Gobierno, Justicia y Derechos Humanos, en el tercer piso de la Casa de Gobierno, para tratar las medidas previsionales y la situaci&oacute;n penitenciaria de Mendoza, as&iacute; como los casos internacionales. <\/p>\n<p>En este marco, los asesores Jorge Cardozo y Federico Ramos, y el director de Derechos Humanos Contenciosos, Javier Salgado, se reunir&aacute;n con la directora de Derechos Humanos de la Provincia, Mar&iacute;a Jos&eacute; Ubaldini, para interiorizarse de la situaci&oacute;n de las penitenciar&iacute;as mendocinas. <\/p>\n\n<p><strong><\/strong><\/p>\n<p>Fuente: Prensa Ministerio de Gobierno, Justicia y Derechos Humanos<\/p>\n<p><strong>Edici&oacute;n: <\/strong>Gabriel Espejo<\/p>\n<\/body><\/html>\n","protected":false},"excerpt":{"rendered":"En este marco, los asesores Jorge Cardozo y Federico Ramos, y el director de Derechos Humanos Contenciosos, Javier Salgado, se reunir&aacute;n con la directora de Derechos Humanos de la Provincia, Mar&iacute;a Jos&eacute; Ubaldini, para interiorizarse de la situaci&oacute;n de las penitenciar&iacute;as mendocinas. Funcionarios de la Canciller&iacute;a argentina se reunir&aacute;n con funcionarios provinciales ma&ntilde;ana a las&#8230; <a class=\"view-article\" href=\"https:\/\/www.mendoza.gov.ar\/prensa\/funcionarios-de-la-cancilleria-visitaran-mendoza-para-interiorizarse-de-la-situacion-penitenciaria\/\"><\/a>","protected":false},"author":3,"featured_media":0,"comment_status":"closed","ping_status":"open","sticky":false,"template":"","format":"standard","meta":[],"categories":[20],"tags":[],"_links":{"self":[{"href":"https:\/\/www.mendoza.gov.ar\/prensa\/wp-json\/wp\/v2\/posts\/17443"}],"collection":[{"href":"https:\/\/www.mendoza.gov.ar\/prensa\/wp-json\/wp\/v2\/posts"}],"about":[{"href":"https:\/\/www.mendoza.gov.ar\/prensa\/wp-json\/wp\/v2\/types\/post"}],"author":[{"embeddable":true,"href":"https:\/\/www.mendoza.gov.ar\/prensa\/wp-json\/wp\/v2\/users\/3"}],"replies":[{"embeddable":true,"href":"https:\/\/www.mendoza.gov.ar\/prensa\/wp-json\/wp\/v2\/comments?post=17443"}],"version-history":[{"count":0,"href":"https:\/\/www.mendoza.gov.ar\/prensa\/wp-json\/wp\/v2\/posts\/17443\/revisions"}],"wp:attachment":[{"href":"https:\/\/www.mendoza.gov.ar\/prensa\/wp-json\/wp\/v2\/media?parent=17443"}],"wp:term":[{"taxonomy":"category","embeddable":true,"href":"https:\/\/www.mendoza.gov.ar\/prensa\/wp-json\/wp\/v2\/categories?post=17443"},{"taxonomy":"post_tag","embeddable":true,"href":"https:\/\/www.mendoza.gov.ar\/prensa\/wp-json\/wp\/v2\/tags?post=17443"}],"curies":[{"name":"wp","href":"https:\/\/api.w.org\/{rel}","templated":true}]}}