{"id":17445,"date":"2010-05-12T00:00:00","date_gmt":"2010-05-12T00:00:00","guid":{"rendered":"http:\/\/prensa.wp2.mendoza.gov.ar\/?p=17445"},"modified":"2010-05-12T00:00:00","modified_gmt":"2010-05-12T00:00:00","slug":"el-director-nacional-electoral-hablo-de-la-reforma-en-ese-ambito-ante-referentes-politicos-locales","status":"publish","type":"post","link":"https:\/\/www.mendoza.gov.ar\/prensa\/el-director-nacional-electoral-hablo-de-la-reforma-en-ese-ambito-ante-referentes-politicos-locales\/","title":{"rendered":"EL DIRECTOR NACIONAL ELECTORAL HABL\u00d3 DE LA REFORMA EN ESE \u00c1MBITO ANTE REFERENTES POL\u00cdTICOS LOCALES"},"content":{"rendered":"<!DOCTYPE html PUBLIC \"-\/\/W3C\/\/DTD HTML 4.0 Transitional\/\/EN\" \"http:\/\/www.w3.org\/TR\/REC-html40\/loose.dtd\">\n<html><body><p>El director nacional electoral, Alejandro Tullio, mantuvo un encuentro esta ma&ntilde;ana, en la sede de la Gobernaci&oacute;n, con los presidentes de los partidos pol&iacute;ticos con representaci&oacute;n parlamentaria local, legisladores del CONFE, la Uni&oacute;n Civica Radical, el Partido Justicialista, el Partido Dem&oacute;crata, ARI y Uni&oacute;n Popular, e intendentes de distintas extracciones pol&iacute;ticas.<\/p>\n<p>El objetivo fue exponer los alcances de la ley N&ordm; 26.571, referida a la democratizaci&oacute;n de la representaci&oacute;n pol&iacute;tica, la transparencia y la equidad electoral, aprobada por el Congreso en diciembre del 2009. El funcionario nacional estuvo acompa&ntilde;ado por el juez federal Walter Bento y el secretario de la Junta Electoral provincial, Alfredo Puebla.<\/p>\n<p>La reuni&oacute;n, presidida por el ministro de Gobierno, Justicia y Derechos Humanos, Mario Adaro, sirvi&oacute; para conocer en detalle la norma en vigencia, que establece la puesta en marcha de un nuevo modelo para la designaci&oacute;n de candidatos a cargos federales a trav&eacute;s de primarias, as&iacute; como nuevos mecanismos para el procedimiento de constituci&oacute;n, fusi&oacute;n y caducidad de los partidos pol&iacute;ticos. <\/p>\n<p>La norma tambi&eacute;n versa sobre la conformaci&oacute;n de alianzas, el mantenimiento de la personer&iacute;a jur&iacute;dica, y le asigna al ministerio p&uacute;blico electoral el control anual del mantenimiento de condiciones para funcionar como partido pol&iacute;tico. <\/p>\n<p>\n<\/p>\n\n<p>Alejandro Tullio, Jorge Tan&uacute;s, Miriam Gallardo y Mario Adaro.<\/p>\n<p><\/p>\n<p>Declaraciones de Alejandro Tullio, director Nacional Electoral<br>{wma}Tullio{\/wma}<\/p>\n<p>Declaraciones&nbsp;de C&eacute;sar Biffi, presidente de la&nbsp;U.C.R&nbsp;<br>{wma}biffi1{\/wma}<\/p>\n<p><strong>Fuente: <\/strong>Ministerio de Gobierno, Justicia y Derechos Humanos<\/p>\n<p><strong>Edici&oacute;n:<\/strong> Gabriel Espejo<\/p>\n<\/body><\/html>\n","protected":false},"excerpt":{"rendered":"El director nacional electoral, Alejandro Tullio, mantuvo un encuentro esta ma&ntilde;ana, en la sede de la Gobernaci&oacute;n, con los presidentes de los partidos pol&iacute;ticos con representaci&oacute;n parlamentaria local, legisladores del CONFE, la Uni&oacute;n Civica Radical, el Partido Justicialista, el Partido Dem&oacute;crata, ARI y Uni&oacute;n Popular, e intendentes de distintas extracciones pol&iacute;ticas. El objetivo fue exponer&#8230; <a class=\"view-article\" href=\"https:\/\/www.mendoza.gov.ar\/prensa\/el-director-nacional-electoral-hablo-de-la-reforma-en-ese-ambito-ante-referentes-politicos-locales\/\"><\/a>","protected":false},"author":3,"featured_media":0,"comment_status":"closed","ping_status":"open","sticky":false,"template":"","format":"standard","meta":[],"categories":[20],"tags":[],"_links":{"self":[{"href":"https:\/\/www.mendoza.gov.ar\/prensa\/wp-json\/wp\/v2\/posts\/17445"}],"collection":[{"href":"https:\/\/www.mendoza.gov.ar\/prensa\/wp-json\/wp\/v2\/posts"}],"about":[{"href":"https:\/\/www.mendoza.gov.ar\/prensa\/wp-json\/wp\/v2\/types\/post"}],"author":[{"embeddable":true,"href":"https:\/\/www.mendoza.gov.ar\/prensa\/wp-json\/wp\/v2\/users\/3"}],"replies":[{"embeddable":true,"href":"https:\/\/www.mendoza.gov.ar\/prensa\/wp-json\/wp\/v2\/comments?post=17445"}],"version-history":[{"count":0,"href":"https:\/\/www.mendoza.gov.ar\/prensa\/wp-json\/wp\/v2\/posts\/17445\/revisions"}],"wp:attachment":[{"href":"https:\/\/www.mendoza.gov.ar\/prensa\/wp-json\/wp\/v2\/media?parent=17445"}],"wp:term":[{"taxonomy":"category","embeddable":true,"href":"https:\/\/www.mendoza.gov.ar\/prensa\/wp-json\/wp\/v2\/categories?post=17445"},{"taxonomy":"post_tag","embeddable":true,"href":"https:\/\/www.mendoza.gov.ar\/prensa\/wp-json\/wp\/v2\/tags?post=17445"}],"curies":[{"name":"wp","href":"https:\/\/api.w.org\/{rel}","templated":true}]}}