{"id":17447,"date":"2010-05-13T00:00:00","date_gmt":"2010-05-13T00:00:00","guid":{"rendered":"http:\/\/prensa.wp2.mendoza.gov.ar\/?p=17447"},"modified":"2010-05-13T00:00:00","modified_gmt":"2010-05-13T00:00:00","slug":"la-justicia-determino-que-se-descuenten-dias-de-huelgas-y-horas-de-asambleas-a-empleados-publicos","status":"publish","type":"post","link":"https:\/\/www.mendoza.gov.ar\/prensa\/la-justicia-determino-que-se-descuenten-dias-de-huelgas-y-horas-de-asambleas-a-empleados-publicos\/","title":{"rendered":"LA JUSTICIA DETERMIN\u00d3 QUE SE DESCUENTEN D\u00cdAS DE HUELGAS Y  HORAS DE ASAMBLEAS A EMPLEADOS P\u00daBLICOS"},"content":{"rendered":"<!DOCTYPE html PUBLIC \"-\/\/W3C\/\/DTD HTML 4.0 Transitional\/\/EN\" \"http:\/\/www.w3.org\/TR\/REC-html40\/loose.dtd\">\n<html><body><p>El ministro de Gobierno, Justicia y Derechos Humanos, Mario Adaro, dio a conocer una sentencia de  la Sexta C&aacute;mara Laboral que dictamin&oacute; contra un recurso presentado por la Asociaci&oacute;n de Trabajadores del Estado (ATE). En &eacute;ste, el gremio planteaba la nulidad de los descuentos a los empleados p&uacute;blicos que se adhirieron al paro o que promovieron asambleas en sus horarios de trabajo en el 2005 y el 2009. <\/p>\n<p>Los jueces determinaron que se les debe realizar el descuento, sentenciando que &eacute;ste es legal y fundamentando que la falta de prestaci&oacute;n de servicios no justifica el pago de las remuneraciones. Entre otras consideraciones, se&ntilde;alaron que la Corte Suprema de Justicia de la Naci&oacute;n manifiesta que &ldquo;en la relaci&oacute;n de empleo p&uacute;blico no corresponde abonar salarios por trabajos no realizados&rdquo;. <\/p>\n<p>&ldquo;Este rechazo del amparo planteado por ATE &ndash;dijo Adaro- ratifica la decisi&oacute;n del gobernador Celso Jaque de &lsquo;d&iacute;a no trabajado, d&iacute;a no pagado&rsquo;. &Eacute;sta es una cuesti&oacute;n de justicia y equidad con los trabajadores del sector privado, a los que tambi&eacute;n se les descuenta el d&iacute;a cuando realizan paros&rdquo;. <\/p>\n<p>&ldquo;Si bien el descuento no afecta el leg&iacute;timo derecho de huelga, los trabajadores deben conocer que la ley es pareja para todos&rdquo;, afirm&oacute; el funcionario.<\/p>\n<p><strong>Fuente:<\/strong> Prensa Ministerio de Gobierno, Justicia y Derechos Humanos<\/p>\n<p><strong>Edici&oacute;n: <\/strong>Gabriel Espejo<\/p>\n<\/body><\/html>\n","protected":false},"excerpt":{"rendered":"El ministro de Gobierno, Justicia y Derechos Humanos, Mario Adaro, dio a conocer una sentencia de la Sexta C&aacute;mara Laboral que dictamin&oacute; contra un recurso presentado por la Asociaci&oacute;n de Trabajadores del Estado (ATE). En &eacute;ste, el gremio planteaba la nulidad de los descuentos a los empleados p&uacute;blicos que se adhirieron al paro o que&#8230; <a class=\"view-article\" href=\"https:\/\/www.mendoza.gov.ar\/prensa\/la-justicia-determino-que-se-descuenten-dias-de-huelgas-y-horas-de-asambleas-a-empleados-publicos\/\"><\/a>","protected":false},"author":3,"featured_media":0,"comment_status":"closed","ping_status":"open","sticky":false,"template":"","format":"standard","meta":[],"categories":[20],"tags":[],"_links":{"self":[{"href":"https:\/\/www.mendoza.gov.ar\/prensa\/wp-json\/wp\/v2\/posts\/17447"}],"collection":[{"href":"https:\/\/www.mendoza.gov.ar\/prensa\/wp-json\/wp\/v2\/posts"}],"about":[{"href":"https:\/\/www.mendoza.gov.ar\/prensa\/wp-json\/wp\/v2\/types\/post"}],"author":[{"embeddable":true,"href":"https:\/\/www.mendoza.gov.ar\/prensa\/wp-json\/wp\/v2\/users\/3"}],"replies":[{"embeddable":true,"href":"https:\/\/www.mendoza.gov.ar\/prensa\/wp-json\/wp\/v2\/comments?post=17447"}],"version-history":[{"count":0,"href":"https:\/\/www.mendoza.gov.ar\/prensa\/wp-json\/wp\/v2\/posts\/17447\/revisions"}],"wp:attachment":[{"href":"https:\/\/www.mendoza.gov.ar\/prensa\/wp-json\/wp\/v2\/media?parent=17447"}],"wp:term":[{"taxonomy":"category","embeddable":true,"href":"https:\/\/www.mendoza.gov.ar\/prensa\/wp-json\/wp\/v2\/categories?post=17447"},{"taxonomy":"post_tag","embeddable":true,"href":"https:\/\/www.mendoza.gov.ar\/prensa\/wp-json\/wp\/v2\/tags?post=17447"}],"curies":[{"name":"wp","href":"https:\/\/api.w.org\/{rel}","templated":true}]}}