{"id":17451,"date":"2010-05-18T00:00:00","date_gmt":"2010-05-18T00:00:00","guid":{"rendered":"http:\/\/prensa.wp2.mendoza.gov.ar\/?p=17451"},"modified":"2010-05-18T00:00:00","modified_gmt":"2010-05-18T00:00:00","slug":"en-homenaje-a-los-200-anos-de-la-revolucion-de-mayo-manana-se-realizara-el-cambio-de-bandera","status":"publish","type":"post","link":"https:\/\/www.mendoza.gov.ar\/prensa\/en-homenaje-a-los-200-anos-de-la-revolucion-de-mayo-manana-se-realizara-el-cambio-de-bandera\/","title":{"rendered":"EN HOMENAJE A LOS 200 A\u00d1OS DE LA REVOLUCI\u00d3N DE MAYO MA\u00d1ANA SE REALIZAR\u00c1 EL CAMBIO DE BANDERA"},"content":{"rendered":"<!DOCTYPE html PUBLIC \"-\/\/W3C\/\/DTD HTML 4.0 Transitional\/\/EN\" \"http:\/\/www.w3.org\/TR\/REC-html40\/loose.dtd\">\n<html><body><p>El&nbsp; Gobernador de la provincia, Celso Jaque&nbsp; har&aacute; entrega de una r&eacute;plica de la Bandera de los Andes al Liceo Militar General Espejo.<\/p>\n<p>Asistir&aacute;n a la ceremonia&nbsp; el comandante de Educaci&oacute;n y Doctrina del Ej&eacute;rcito Argentino, general de brigada Gustavo Eduardo Lux;&nbsp; el director del Liceo, coronel Eduardo Costa y el abanderado de esa instituci&oacute;n.<\/p>\n<p>Actuar&aacute;n ballets folcl&oacute;ricos; se servir&aacute;&nbsp; un chocolate para ni&ntilde;os de las escuelas y habr&aacute; un desfile militar y carrusel de m&uacute;sica a cargo de la Banda Talcahuano.&nbsp;<\/p>\n<p>Fuente: prensa Gobierno<\/p>\n<\/body><\/html>\n","protected":false},"excerpt":{"rendered":"El&nbsp; Gobernador de la provincia, Celso Jaque&nbsp; har&aacute; entrega de una r&eacute;plica de la Bandera de los Andes al Liceo Militar General Espejo. Asistir&aacute;n a la ceremonia&nbsp; el comandante de Educaci&oacute;n y Doctrina del Ej&eacute;rcito Argentino, general de brigada Gustavo Eduardo Lux;&nbsp; el director del Liceo, coronel Eduardo Costa y el abanderado de esa instituci&oacute;n&#8230;. <a class=\"view-article\" href=\"https:\/\/www.mendoza.gov.ar\/prensa\/en-homenaje-a-los-200-anos-de-la-revolucion-de-mayo-manana-se-realizara-el-cambio-de-bandera\/\"><\/a>","protected":false},"author":3,"featured_media":0,"comment_status":"closed","ping_status":"open","sticky":false,"template":"","format":"standard","meta":[],"categories":[20],"tags":[],"_links":{"self":[{"href":"https:\/\/www.mendoza.gov.ar\/prensa\/wp-json\/wp\/v2\/posts\/17451"}],"collection":[{"href":"https:\/\/www.mendoza.gov.ar\/prensa\/wp-json\/wp\/v2\/posts"}],"about":[{"href":"https:\/\/www.mendoza.gov.ar\/prensa\/wp-json\/wp\/v2\/types\/post"}],"author":[{"embeddable":true,"href":"https:\/\/www.mendoza.gov.ar\/prensa\/wp-json\/wp\/v2\/users\/3"}],"replies":[{"embeddable":true,"href":"https:\/\/www.mendoza.gov.ar\/prensa\/wp-json\/wp\/v2\/comments?post=17451"}],"version-history":[{"count":0,"href":"https:\/\/www.mendoza.gov.ar\/prensa\/wp-json\/wp\/v2\/posts\/17451\/revisions"}],"wp:attachment":[{"href":"https:\/\/www.mendoza.gov.ar\/prensa\/wp-json\/wp\/v2\/media?parent=17451"}],"wp:term":[{"taxonomy":"category","embeddable":true,"href":"https:\/\/www.mendoza.gov.ar\/prensa\/wp-json\/wp\/v2\/categories?post=17451"},{"taxonomy":"post_tag","embeddable":true,"href":"https:\/\/www.mendoza.gov.ar\/prensa\/wp-json\/wp\/v2\/tags?post=17451"}],"curies":[{"name":"wp","href":"https:\/\/api.w.org\/{rel}","templated":true}]}}