{"id":176733,"date":"2019-03-18T21:41:46","date_gmt":"2019-03-19T00:41:46","guid":{"rendered":"http:\/\/prensa.wp1.mendoza.gov.ar\/?p=176733"},"modified":"2019-03-19T10:55:04","modified_gmt":"2019-03-19T13:55:04","slug":"el-colegio-nacional-agustin-alvarez-cumple-154-anos-de-labor-ininterrumpida","status":"publish","type":"post","link":"https:\/\/www.mendoza.gov.ar\/prensa\/el-colegio-nacional-agustin-alvarez-cumple-154-anos-de-labor-ininterrumpida\/","title":{"rendered":"El Colegio Nacional Agust\u00edn \u00c1lvarez cumple 154 a\u00f1os de labor ininterrumpida"},"content":{"rendered":"<!DOCTYPE html PUBLIC \"-\/\/W3C\/\/DTD HTML 4.0 Transitional\/\/EN\" \"http:\/\/www.w3.org\/TR\/REC-html40\/loose.dtd\">\n<html><body><h5>Desde el 20 de marzo de 1865, la hist&oacute;rica instituci&oacute;n es un pilar fundamental en la educaci&oacute;n secundaria de la provincia.<\/h5>\n<p>El Colegio Nacional Agust&iacute;n &Aacute;lvarez se cre&oacute;, por decreto presidencial de Bartolom&eacute; Mitre, el 9 de diciembre de 1864. En su art&iacute;culo 11, establec&iacute;a el comienzo de clases el 15 de marzo de 1865.<\/p>\n<p>No obstante, seg&uacute;n lo que establec&iacute;a el decreto de creaci&oacute;n, Mendoza solicita a la Naci&oacute;n iniciar el ciclo lectivo conmemorando el cuarto aniversario del terremoto ocurrido el 20 de marzo de 1861, el de mayor magnitud registrado en nuestra provincia y que se cobr&oacute; la vida de miles de mendocinos, por lo que la inauguraci&oacute;n del Primer Colegio Nacional en Mendoza tuvo lugar el 20 de marzo de 1865.<\/p>\n<p>En su art&iacute;culo 1, bajo la denominaci&oacute;n de Colegio Nacional de Mendoza, se estableci&oacute; una casa de educaci&oacute;n cient&iacute;fica, preparatoria en Letras y Humanidades, Ciencias Morales y las Ciencias F&iacute;sicas y Exactas.<\/p>\n<p>Estuvieron presentes en el acto inaugural el gobernador de la provincia, Carlos Gonz&aacute;lez Pinto; en representaci&oacute;n del gobierno nacional, el ministro de Justicia, Culto e Instrucci&oacute;n P&uacute;blica, Eduardo Costa; el diputado nacional por Mendoza Francisco Civit; el primer rector del Colegio Nacional de Mendoza, Manuel Jos&eacute; Zapata, representantes del clero, miembros del Poder Legislativo y Judicial, padres de los 81 alumnos inscriptos y p&uacute;blico en general.<\/p>\n<p>Su creaci&oacute;n fue parte de una planificaci&oacute;n que abarc&oacute; a cinco colegios nacionales, localizados en distintos puntos del pa&iacute;s, con el prop&oacute;sito de formar ciudadanos en postulados liberales, propios de la educaci&oacute;n europea.<\/p>\n<p>Luego de funcionar en diversas instalaciones, en 1910 se ubica en el edificio actual de calle Chile 1050 de Ciudad, frente a la plaza Independencia.<\/p>\n\n        <style type='text\/css'>\n            #gallery-1 {\n                margin: auto;\n            }\n            #gallery-1 .gallery-item {\n                float: left;\n                margin-top: 10px;\n\n                width: auto;}\n            #gallery-1 img {\n                border: 0px none;\n            }\n            #gallery-1 .gallery-caption {\n                margin-left: 0;\n            }\n        <\/style>\n<script>\njQuery(document).ready(function($) {\n  jQuery('div.gallery-item').hover(function(){\n     \/\/jQuery(this).fadeIn().siblings(':not(.modal)').fadeTo( 'slow' , 0.2);\n     jQuery(this).siblings(':not(.modal)').fadeTo( 'fast' , 0.2);\n     jQuery(this).fadeTo( 'slow' , 1);\n  },function(){\n     \/\/$(this).siblings().andSelf().fadeTo( 'slow' , 1);\n  });\n  jQuery('#gallery-1').on('mouseleave',function(){\n    jQuery('div.gallery-item').fadeTo( 'fast' , 1);\n  })\n});\n<\/script>\n        <!-- see gallery_shortcode() in wp-includes\/media.php -->\n        <h3>GALERIA<\/h3>\n        <div id='gallery-1' class='gallery galleryid-176733'><div class='gallery-item' data-toggle='modal' data-target='#176734' id='r176734'>\n            <dt class='gallery-icon'>\n                <a style='cursor:pointer;'><img width='150' height='150' src='https:\/\/www.mendoza.gov.ar\/wp-content\/uploads\/sites\/5\/2019\/03\/Colegio-Nacional-Agust\u00edn-\u00c1lvarez-150x150.jpg' class='attachment-thumbnail size-thumbnail' alt='' href=''><\/a>\n             <\/dt><\/div><div class=\"modal fade bs-example-modal-lg\" id=\"176734\" tabindex=\"-1\" role=\"dialog\" aria-labelledby=\"myModalLabel\">\n  <div class=\"modal-dialog modal-lg\" role=\"document\">\n    <div class=\"\">\n      <div class=\"modal-body\" style=\"text-align: center;\"><a href='https:\/\/www.mendoza.gov.ar\/prensa\/el-colegio-nacional-agustin-alvarez-cumple-154-anos-de-labor-ininterrumpida\/colegio-nacional-agustin-alvarez-5\/'><img width=\"700\" height=\"525\" src=\"https:\/\/www.mendoza.gov.ar\/wp-content\/uploads\/sites\/5\/2019\/03\/Colegio-Nacional-Agust\u00edn-\u00c1lvarez-700x525.jpg\" class=\"attachment-large size-large\" alt=\"\" loading=\"lazy\" srcset=\"https:\/\/www.mendoza.gov.ar\/wp-content\/uploads\/sites\/5\/2019\/03\/Colegio-Nacional-Agust\u00edn-\u00c1lvarez-700x525.jpg 700w, https:\/\/www.mendoza.gov.ar\/wp-content\/uploads\/sites\/5\/2019\/03\/Colegio-Nacional-Agust\u00edn-\u00c1lvarez-250x188.jpg 250w, https:\/\/www.mendoza.gov.ar\/wp-content\/uploads\/sites\/5\/2019\/03\/Colegio-Nacional-Agust\u00edn-\u00c1lvarez-768x576.jpg 768w, https:\/\/www.mendoza.gov.ar\/wp-content\/uploads\/sites\/5\/2019\/03\/Colegio-Nacional-Agust\u00edn-\u00c1lvarez-120x90.jpg 120w, https:\/\/www.mendoza.gov.ar\/wp-content\/uploads\/sites\/5\/2019\/03\/Colegio-Nacional-Agust\u00edn-\u00c1lvarez.jpg 1772w\" sizes=\"(max-width: 700px) 100vw, 700px\" \/><\/a><a data-toggle=\"modal\" data-dismiss=\"modal\" data-target=\"#176734\"><i class=\"text-white fa fa-chevron-right fa-4x\"><\/i><\/a><\/div>\n    <\/div>\n  <\/div>\n<\/div>\n            <br style='clear: both;' \/>\n        <\/div>\n\n<\/body><\/html>\n","protected":false},"excerpt":{"rendered":"Desde el 20 de marzo de 1865, la hist&oacute;rica instituci&oacute;n es un pilar fundamental en la educaci&oacute;n secundaria de la provincia. El Colegio Nacional Agust&iacute;n &Aacute;lvarez se cre&oacute;, por decreto presidencial de Bartolom&eacute; Mitre, el 9 de diciembre de 1864. En su art&iacute;culo 11, establec&iacute;a el comienzo de clases el 15 de marzo de 1865&#8230;. <a class=\"view-article\" href=\"https:\/\/www.mendoza.gov.ar\/prensa\/el-colegio-nacional-agustin-alvarez-cumple-154-anos-de-labor-ininterrumpida\/\"><\/a>","protected":false},"author":68,"featured_media":176734,"comment_status":"open","ping_status":"open","sticky":false,"template":"","format":"standard","meta":[],"categories":[8],"tags":[],"_links":{"self":[{"href":"https:\/\/www.mendoza.gov.ar\/prensa\/wp-json\/wp\/v2\/posts\/176733"}],"collection":[{"href":"https:\/\/www.mendoza.gov.ar\/prensa\/wp-json\/wp\/v2\/posts"}],"about":[{"href":"https:\/\/www.mendoza.gov.ar\/prensa\/wp-json\/wp\/v2\/types\/post"}],"author":[{"embeddable":true,"href":"https:\/\/www.mendoza.gov.ar\/prensa\/wp-json\/wp\/v2\/users\/68"}],"replies":[{"embeddable":true,"href":"https:\/\/www.mendoza.gov.ar\/prensa\/wp-json\/wp\/v2\/comments?post=176733"}],"version-history":[{"count":3,"href":"https:\/\/www.mendoza.gov.ar\/prensa\/wp-json\/wp\/v2\/posts\/176733\/revisions"}],"predecessor-version":[{"id":176786,"href":"https:\/\/www.mendoza.gov.ar\/prensa\/wp-json\/wp\/v2\/posts\/176733\/revisions\/176786"}],"wp:featuredmedia":[{"embeddable":true,"href":"https:\/\/www.mendoza.gov.ar\/prensa\/wp-json\/wp\/v2\/media\/176734"}],"wp:attachment":[{"href":"https:\/\/www.mendoza.gov.ar\/prensa\/wp-json\/wp\/v2\/media?parent=176733"}],"wp:term":[{"taxonomy":"category","embeddable":true,"href":"https:\/\/www.mendoza.gov.ar\/prensa\/wp-json\/wp\/v2\/categories?post=176733"},{"taxonomy":"post_tag","embeddable":true,"href":"https:\/\/www.mendoza.gov.ar\/prensa\/wp-json\/wp\/v2\/tags?post=176733"}],"curies":[{"name":"wp","href":"https:\/\/api.w.org\/{rel}","templated":true}]}}