{"id":17814,"date":"2010-12-09T00:00:00","date_gmt":"2010-12-09T00:00:00","guid":{"rendered":"http:\/\/prensa.wp2.mendoza.gov.ar\/?p=17814"},"modified":"2010-12-09T00:00:00","modified_gmt":"2010-12-09T00:00:00","slug":"comienzan-las-jornadas-nacionales-de-investigacion-economica-y-estadisticas-aplicadas-al-turismo","status":"publish","type":"post","link":"https:\/\/www.mendoza.gov.ar\/prensa\/comienzan-las-jornadas-nacionales-de-investigacion-economica-y-estadisticas-aplicadas-al-turismo\/","title":{"rendered":"Comienzan las jornadas nacionales de investigaci\u00f3n econ\u00f3mica y estad\u00edsticas aplicadas al turismo"},"content":{"rendered":"<!DOCTYPE html PUBLIC \"-\/\/W3C\/\/DTD HTML 4.0 Transitional\/\/EN\" \"http:\/\/www.w3.org\/TR\/REC-html40\/loose.dtd\">\n<html><body><p><\/p>\n\n<p>Prestigiosos investigadores del turismo y la econom&iacute;a, referentes nacionales, de Italia y Chile&nbsp; expondr&aacute;n este jueves y viernes en las Primeras  Jornadas Nacionales de Investigaci&oacute;n Econ&oacute;mica y Estad&iacute;sticas Aplicadas  al Turismo, aportando modelos, casos y experiencias cient&iacute;ficas aplicadas en nuestro pa&iacute;s y en el extranjero.<\/p>\n<p> El temario del evento tendr&aacute; como ejes la presentaci&oacute;n de investigaciones econ&oacute;micas de oferta y demanda tur&iacute;stica, el impacto econ&oacute;mico del sector, las investigaciones estad&iacute;sticas que se realizan sobre la materia y una exposici&oacute;n especial sobre los cambios en los comportamientos de la demanda tur&iacute;stica<\/p>\n<p>Em este marco, cabe destacar que el turismo, como actividad econ&oacute;mica, viene creciendo a un ritmo sostenido durante la &uacute;ltima d&eacute;cada, trayendo aparejado la llegada de nuevos actores, productos y servicios e incorporaci&oacute;n de novedosos sistemas de comercializaci&oacute;n y comunicaci&oacute;n.<\/p>\n<p>Los resultados de las investigaciones econ&oacute;micas aplicadas al turismo permiten contar con un conocimiento m&aacute;s acabado de la industria, su desarrollo y el impacto del sector en la econom&iacute;a de la regi&oacute;n. Adem&aacute;s, aportan herramientas para la planificaci&oacute;n del crecimiento tur&iacute;stico de forma equitativa, sostenible y sustentable.<\/p>\n<p>Para mayor informaci&oacute;n contactarse a Ra&uacute;l S&aacute;nchez, director de Planificaci&oacute;n, Innovaci&oacute;n y Prospectiva Tur&iacute;stica de la Secretar&iacute;a de Turismo al 4132120. Para consultar el programa e inscripciones: www.jornadasdeeconomiaturistica.blogspot.com<\/p>\n<\/body><\/html>\n","protected":false},"excerpt":{"rendered":"Prestigiosos investigadores del turismo y la econom&iacute;a, referentes nacionales, de Italia y Chile&nbsp; expondr&aacute;n este jueves y viernes en las Primeras Jornadas Nacionales de Investigaci&oacute;n Econ&oacute;mica y Estad&iacute;sticas Aplicadas al Turismo, aportando modelos, casos y experiencias cient&iacute;ficas aplicadas en nuestro pa&iacute;s y en el extranjero. El temario del evento tendr&aacute; como ejes la presentaci&oacute;n de&#8230; <a class=\"view-article\" href=\"https:\/\/www.mendoza.gov.ar\/prensa\/comienzan-las-jornadas-nacionales-de-investigacion-economica-y-estadisticas-aplicadas-al-turismo\/\"><\/a>","protected":false},"author":3,"featured_media":0,"comment_status":"closed","ping_status":"open","sticky":false,"template":"","format":"standard","meta":[],"categories":[37],"tags":[],"_links":{"self":[{"href":"https:\/\/www.mendoza.gov.ar\/prensa\/wp-json\/wp\/v2\/posts\/17814"}],"collection":[{"href":"https:\/\/www.mendoza.gov.ar\/prensa\/wp-json\/wp\/v2\/posts"}],"about":[{"href":"https:\/\/www.mendoza.gov.ar\/prensa\/wp-json\/wp\/v2\/types\/post"}],"author":[{"embeddable":true,"href":"https:\/\/www.mendoza.gov.ar\/prensa\/wp-json\/wp\/v2\/users\/3"}],"replies":[{"embeddable":true,"href":"https:\/\/www.mendoza.gov.ar\/prensa\/wp-json\/wp\/v2\/comments?post=17814"}],"version-history":[{"count":0,"href":"https:\/\/www.mendoza.gov.ar\/prensa\/wp-json\/wp\/v2\/posts\/17814\/revisions"}],"wp:attachment":[{"href":"https:\/\/www.mendoza.gov.ar\/prensa\/wp-json\/wp\/v2\/media?parent=17814"}],"wp:term":[{"taxonomy":"category","embeddable":true,"href":"https:\/\/www.mendoza.gov.ar\/prensa\/wp-json\/wp\/v2\/categories?post=17814"},{"taxonomy":"post_tag","embeddable":true,"href":"https:\/\/www.mendoza.gov.ar\/prensa\/wp-json\/wp\/v2\/tags?post=17814"}],"curies":[{"name":"wp","href":"https:\/\/api.w.org\/{rel}","templated":true}]}}