{"id":17842,"date":"2010-05-01T00:00:00","date_gmt":"2010-05-01T00:00:00","guid":{"rendered":"http:\/\/prensa.wp2.mendoza.gov.ar\/?p=17842"},"modified":"2010-05-01T00:00:00","modified_gmt":"2010-05-01T00:00:00","slug":"jaque-pidio-enfaticamente-que-se-sancione-la-ley-en-apoyo-a-la-empresa-provincial-de-energia","status":"publish","type":"post","link":"https:\/\/www.mendoza.gov.ar\/prensa\/jaque-pidio-enfaticamente-que-se-sancione-la-ley-en-apoyo-a-la-empresa-provincial-de-energia\/","title":{"rendered":"JAQUE PIDI\u00d3 ENF\u00c1TICAMENTE QUE SE SANCIONE LA LEY EN APOYO A LA EMPRESA PROVINCIAL DE ENERG\u00cdA"},"content":{"rendered":"<!DOCTYPE html PUBLIC \"-\/\/W3C\/\/DTD HTML 4.0 Transitional\/\/EN\" \"http:\/\/www.w3.org\/TR\/REC-html40\/loose.dtd\">\n<html><body><p>Tambi&eacute;n pidi&oacute; aprobar el proyecto de ley pendiente desde el a&ntilde;o pasado de &ldquo;Potasio R&iacute;o Colorado&rdquo;, un proyecto que solo contempla beneficios para la provincia, para que se constituya el Fondo de Desarrollo Socio Ambiental y se pueda hacer efectiva la exigencia de los aportes comprometidos por la empresa.<\/p>\n<p>Dijo que solicitar&aacute; hasta el &uacute;ltimo d&iacute;a de su mandato que &ldquo;que nos pongamos de acuerdo para que Nuestra Constituci&oacute;n est&eacute; a la altura de los tiempos institucionales que vivimos. El reclamo de calidad institucional, tan necesaria,<\/p>\n<p>empieza por casa y no debe estar sujeto a las especulaciones personales. Por eso espero que se pueda consensuar y avanzar en un proyecto de Reforma integral de la Constituci&oacute;n Provincial&rdquo;.<\/p>\n<\/body><\/html>\n","protected":false},"excerpt":{"rendered":"Tambi&eacute;n pidi&oacute; aprobar el proyecto de ley pendiente desde el a&ntilde;o pasado de &ldquo;Potasio R&iacute;o Colorado&rdquo;, un proyecto que solo contempla beneficios para la provincia, para que se constituya el Fondo de Desarrollo Socio Ambiental y se pueda hacer efectiva la exigencia de los aportes comprometidos por la empresa. Dijo que solicitar&aacute; hasta el &uacute;ltimo&#8230; <a class=\"view-article\" href=\"https:\/\/www.mendoza.gov.ar\/prensa\/jaque-pidio-enfaticamente-que-se-sancione-la-ley-en-apoyo-a-la-empresa-provincial-de-energia\/\"><\/a>","protected":false},"author":3,"featured_media":0,"comment_status":"closed","ping_status":"open","sticky":false,"template":"","format":"standard","meta":[],"categories":[19],"tags":[],"_links":{"self":[{"href":"https:\/\/www.mendoza.gov.ar\/prensa\/wp-json\/wp\/v2\/posts\/17842"}],"collection":[{"href":"https:\/\/www.mendoza.gov.ar\/prensa\/wp-json\/wp\/v2\/posts"}],"about":[{"href":"https:\/\/www.mendoza.gov.ar\/prensa\/wp-json\/wp\/v2\/types\/post"}],"author":[{"embeddable":true,"href":"https:\/\/www.mendoza.gov.ar\/prensa\/wp-json\/wp\/v2\/users\/3"}],"replies":[{"embeddable":true,"href":"https:\/\/www.mendoza.gov.ar\/prensa\/wp-json\/wp\/v2\/comments?post=17842"}],"version-history":[{"count":0,"href":"https:\/\/www.mendoza.gov.ar\/prensa\/wp-json\/wp\/v2\/posts\/17842\/revisions"}],"wp:attachment":[{"href":"https:\/\/www.mendoza.gov.ar\/prensa\/wp-json\/wp\/v2\/media?parent=17842"}],"wp:term":[{"taxonomy":"category","embeddable":true,"href":"https:\/\/www.mendoza.gov.ar\/prensa\/wp-json\/wp\/v2\/categories?post=17842"},{"taxonomy":"post_tag","embeddable":true,"href":"https:\/\/www.mendoza.gov.ar\/prensa\/wp-json\/wp\/v2\/tags?post=17842"}],"curies":[{"name":"wp","href":"https:\/\/api.w.org\/{rel}","templated":true}]}}