{"id":17845,"date":"2010-05-01T00:00:00","date_gmt":"2010-05-01T00:00:00","guid":{"rendered":"http:\/\/prensa.wp2.mendoza.gov.ar\/?p=17845"},"modified":"2010-05-01T00:00:00","modified_gmt":"2010-05-01T00:00:00","slug":"jaque-resalto-que-se-genero-un-ahorro-inteligente-que-impidio-el-default","status":"publish","type":"post","link":"https:\/\/www.mendoza.gov.ar\/prensa\/jaque-resalto-que-se-genero-un-ahorro-inteligente-que-impidio-el-default\/","title":{"rendered":"JAQUE RESALT\u00d3 QUE SE GENER\u00d3 UN AHORRO INTELIGENTE QUE IMPIDI\u00d3 EL DEFAULT"},"content":{"rendered":"<!DOCTYPE html PUBLIC \"-\/\/W3C\/\/DTD HTML 4.0 Transitional\/\/EN\" \"http:\/\/www.w3.org\/TR\/REC-html40\/loose.dtd\">\n<html><body><p>Asegur&oacute; que &ldquo;Bajo la consigna del sostenimiento del empleo impulsamos una importante pol&iacute;tica de control del gasto, optimizaci&oacute;n financiera y medidas para morigerar la ca&iacute;da de recaudaci&oacute;n&rdquo;.<\/p>\n<p><strong>&ldquo;Se gener&oacute; un ahorro inteligente que permiti&oacute; no caer en el default, evitar la emisi&oacute;n de <\/strong><strong>cuasimonedas y amortiguar el impacto sin enfriar la econom&iacute;a. Se logr&oacute; mantener el cronograma <\/strong><strong>de pagos salariales al d&iacute;a y se dieron aumentos salariales a trav&eacute;s de paritarias. Val&oacute;r&oacute; que m&aacute;s <\/strong>all&aacute; de la virulencia de los conflictos hemos podido ponernos de acuerdo y valoro esa actitud&rdquo;, sostuvo.<\/p>\n<p>Por parte, en cuanto a los conflictos gremiales apunt&oacute; a&nbsp;que el Gobierno intentar&aacute; en los pr&oacute;ximos d&iacute;as &ldquo;destrabar los conflictos pendientes pero <strong>apelamos a la cordura para alcanzar soluciones&rdquo;<\/strong><\/p>\n<p>Luego reconoci&oacute; que &ldquo;Ha sido un a&ntilde;o cargado de complejidades, con un escenario internacional condicionante. Sin embargo, nunca realizamos acciones que significasen arriesgar la capacidad de gesti&oacute;n futura. Estamos actuando con responsabilidad&rdquo;.<\/p>\n<p>Resalt&oacute; que &ldquo;Despu&eacute;s de m&aacute;s catorce a&ntilde;os, se estableci&oacute; en conjunto con los municipios un nuevo r&eacute;gimen de coparticipaci&oacute;n municipal. Esta es una medida estructural, fruto del acuerdo y del consenso. Por medio de una ley largamente postergada que permitir&aacute; garantizar estabilidad y celeridad en la transferencia de los recursos hacia los municipios. Esto es decididamente calidad institucional para una Mendoza federal. Les agradezco a quienes tuvieron el coraje de acercar posiciones, intendentes y legisladores de mi partido y de otras fuerzas pol&iacute;ticas, este es el tipo de medidas que estoy convencido los mendocinos nos reclaman&rdquo;.<\/p>\n<p>Tambi&eacute;n reflexion&oacute; respecto a la relaci&oacute;n de Mendoza con la Naci&oacute;n. En este sentido reconoci&oacute; que &ldquo;La relaci&oacute;n de Mendoza con los gobiernos nacionales siempre fue compleja, intentamos actuar de un modo realista como lo hicieron uno a uno todos los gobernadores que me antecedieron. Sin hipocres&iacute;a y del mismo modo que mis antecesores actuaron. Cada momento tiene una coyuntura propia que marc&oacute; esa relaci&oacute;n&rdquo;.<\/p>\n<p>Luego contiu&oacute;: &ldquo;Algunos, en medio de la peor crisis nacional tuvieron que ceder recursos a la Naci&oacute;n porque el pa&iacute;s se incendiaba, otros gozaron de los beneficios del incremento de los recursos por el crecimiento de la econom&iacute;a, cada momento tuvo una coyuntura que condicion&oacute; la relaci&oacute;n con la Naci&oacute;n. Nosotros hoy vamos poniendo en la balanza los costos y beneficios de la relaci&oacute;n Naci&oacute;n Provincia de una manera realista y responsable&rdquo;.<\/p>\n<\/body><\/html>\n","protected":false},"excerpt":{"rendered":"Asegur&oacute; que &ldquo;Bajo la consigna del sostenimiento del empleo impulsamos una importante pol&iacute;tica de control del gasto, optimizaci&oacute;n financiera y medidas para morigerar la ca&iacute;da de recaudaci&oacute;n&rdquo;. &ldquo;Se gener&oacute; un ahorro inteligente que permiti&oacute; no caer en el default, evitar la emisi&oacute;n de cuasimonedas y amortiguar el impacto sin enfriar la econom&iacute;a. Se logr&oacute; mantener&#8230; <a class=\"view-article\" href=\"https:\/\/www.mendoza.gov.ar\/prensa\/jaque-resalto-que-se-genero-un-ahorro-inteligente-que-impidio-el-default\/\"><\/a>","protected":false},"author":3,"featured_media":0,"comment_status":"closed","ping_status":"open","sticky":false,"template":"","format":"standard","meta":[],"categories":[19],"tags":[],"_links":{"self":[{"href":"https:\/\/www.mendoza.gov.ar\/prensa\/wp-json\/wp\/v2\/posts\/17845"}],"collection":[{"href":"https:\/\/www.mendoza.gov.ar\/prensa\/wp-json\/wp\/v2\/posts"}],"about":[{"href":"https:\/\/www.mendoza.gov.ar\/prensa\/wp-json\/wp\/v2\/types\/post"}],"author":[{"embeddable":true,"href":"https:\/\/www.mendoza.gov.ar\/prensa\/wp-json\/wp\/v2\/users\/3"}],"replies":[{"embeddable":true,"href":"https:\/\/www.mendoza.gov.ar\/prensa\/wp-json\/wp\/v2\/comments?post=17845"}],"version-history":[{"count":0,"href":"https:\/\/www.mendoza.gov.ar\/prensa\/wp-json\/wp\/v2\/posts\/17845\/revisions"}],"wp:attachment":[{"href":"https:\/\/www.mendoza.gov.ar\/prensa\/wp-json\/wp\/v2\/media?parent=17845"}],"wp:term":[{"taxonomy":"category","embeddable":true,"href":"https:\/\/www.mendoza.gov.ar\/prensa\/wp-json\/wp\/v2\/categories?post=17845"},{"taxonomy":"post_tag","embeddable":true,"href":"https:\/\/www.mendoza.gov.ar\/prensa\/wp-json\/wp\/v2\/tags?post=17845"}],"curies":[{"name":"wp","href":"https:\/\/api.w.org\/{rel}","templated":true}]}}