{"id":178903,"date":"2019-04-05T18:36:02","date_gmt":"2019-04-05T21:36:02","guid":{"rendered":"http:\/\/prensa.wp1.mendoza.gov.ar\/?p=178903"},"modified":"2019-04-05T18:37:30","modified_gmt":"2019-04-05T21:37:30","slug":"profesionales-revisaran-manchas-y-lunares-en-general-alvear","status":"publish","type":"post","link":"https:\/\/www.mendoza.gov.ar\/prensa\/profesionales-revisaran-manchas-y-lunares-en-general-alvear\/","title":{"rendered":"Prevenci\u00f3n de c\u00e1ncer de piel: revisar\u00e1n manchas y lunares en General Alvear"},"content":{"rendered":"<!DOCTYPE html PUBLIC \"-\/\/W3C\/\/DTD HTML 4.0 Transitional\/\/EN\" \"http:\/\/www.w3.org\/TR\/REC-html40\/loose.dtd\">\n<html><body><p style=\"font-weight: 400\"><strong>OSEP se suma nuevamente a la&nbsp;Campa&ntilde;a de concientizaci&oacute;n de c&aacute;ncer de piel&nbsp;organizada por&nbsp;Fundavita&nbsp;y la Municipalidad de General Alvear. Habr&aacute; chequeos gratuitos&nbsp;este s&aacute;bado, desde las 13, en el Polideportivo &ldquo;Deportistas Alvearenses&rdquo;.<\/strong><\/p>\n<p style=\"font-weight: 400\">El c&aacute;ncer de piel es el tipo m&aacute;s com&uacute;n en el ser humano.&nbsp;Uno de los factores de riesgo es&nbsp;la exposici&oacute;n incorrecta al&nbsp;sol&nbsp;que provoca&nbsp;da&ntilde;o acumulativo&nbsp;en el tiempo&nbsp;y determina el futuro de nuestra piel desde los primeros a&ntilde;os de vida.<\/p>\n<p style=\"font-weight: 400\">Es por este motivo que miembros de la Sociedad Argentina de Dermatolog&iacute;a (SAD) y especialistas del Hospital El Carmen, entre otros, realizar&aacute;n chequeos gratuitos de la piel y educar&aacute;n sobre la enfermedad en General Alvear.<\/p>\n<p style=\"font-weight: 400\">El encuentro ser&aacute; este s&aacute;bado 6 de abril, de 13&nbsp;a 16, en el Polideportivo &ldquo;Deportistas Alvearenses&rdquo;,&nbsp;Zeballos 1300 de General Alvear.<\/p>\n<p style=\"font-weight: 400\">Junto a la Fundaci&oacute;n, organizan esta actividad la Sociedad Argentina de Dermatolog&iacute;a &ndash; Seccional Mendoza, la Universidad de Mendoza a trav&eacute;s de su Direcci&oacute;n de Extensi&oacute;n y Departamento de Responsabilidad Social Universitaria, el &aacute;rea de Biomen (Departamento de Estad&iacute;sticas) y la Facultad de Ciencias M&eacute;dicas, Secretar&iacute;a de Extensi&oacute;n de la Universidad Nacional de Cuyo.<\/p>\n<p style=\"font-weight: 400\">Este a&ntilde;o nuevamente entre las actividades recreativas organizadas, se destaca el concurso de dise&ntilde;o de sombreros. Los ni&ntilde;os que participen de la campa&ntilde;a intervendr&aacute;n de forma creativa en su confecci&oacute;n. La finalidad, fomentar desde la ni&ntilde;ez el uso de este accesorio por sus beneficios frente al sol.<\/p>\n<p style=\"font-weight: 400\">La jornada busca detectar en forma temprana lesiones sospechosas de c&aacute;ncer de piel, generar h&aacute;bitos saludables en momentos de exposici&oacute;n al sol y brindar consejos de prevenci&oacute;n para adoptar durante todo el a&ntilde;o.<\/p>\n<p style=\"font-weight: 400\">Adem&aacute;s de OSEP, las otras organizaciones que apoyan esta iniciativa son:<\/p>\n<ul>\n<li style=\"font-weight: 400\">Municipalidad y Concejo Deliberante de General Alvear<\/li>\n<li style=\"font-weight: 400\">Sociedad Argentina de Dermatolog&iacute;a y su par de Mendoza<\/li>\n<li style=\"font-weight: 400\">Direcci&oacute;n de Prevenci&oacute;n y Promoci&oacute;n de la Salud<\/li>\n<li style=\"font-weight: 400\">Hospital Enfermeros Argentinos<\/li>\n<li style=\"font-weight: 400\">OSDE<\/li>\n<li style=\"font-weight: 400\">Escuela de Enfermer&iacute;a<\/li>\n<li style=\"font-weight: 400\">Liga Argentina de Lucha contra el C&aacute;ncer &ndash; General Alvear<\/li>\n<li><img loading=\"lazy\" class=\"alignnone wp-image-178904 size-medium img-responsive center-block\" src=\"https:\/\/www.mendoza.gov.ar\/prensa\/wp-content\/uploads\/sites\/5\/2019\/04\/portada-cancer-de-piel-osep-01-250x91.png\" alt=\"\" width=\"250\" height=\"91\" srcset=\"https:\/\/www.mendoza.gov.ar\/wp-content\/uploads\/sites\/5\/2019\/04\/portada-cancer-de-piel-osep-01-250x91.png 250w, https:\/\/www.mendoza.gov.ar\/wp-content\/uploads\/sites\/5\/2019\/04\/portada-cancer-de-piel-osep-01-768x281.png 768w, https:\/\/www.mendoza.gov.ar\/wp-content\/uploads\/sites\/5\/2019\/04\/portada-cancer-de-piel-osep-01-700x256.png 700w, https:\/\/www.mendoza.gov.ar\/wp-content\/uploads\/sites\/5\/2019\/04\/portada-cancer-de-piel-osep-01-120x44.png 120w, https:\/\/www.mendoza.gov.ar\/wp-content\/uploads\/sites\/5\/2019\/04\/portada-cancer-de-piel-osep-01.png 1201w\" sizes=\"(max-width: 250px) 100vw, 250px\"><\/li>\n<\/ul>\n<\/body><\/html>\n","protected":false},"excerpt":{"rendered":"OSEP se suma nuevamente a la&nbsp;Campa&ntilde;a de concientizaci&oacute;n de c&aacute;ncer de piel&nbsp;organizada por&nbsp;Fundavita&nbsp;y la Municipalidad de General Alvear. Habr&aacute; chequeos gratuitos&nbsp;este s&aacute;bado, desde las 13, en el Polideportivo &ldquo;Deportistas Alvearenses&rdquo;. El c&aacute;ncer de piel es el tipo m&aacute;s com&uacute;n en el ser humano.&nbsp;Uno de los factores de riesgo es&nbsp;la exposici&oacute;n incorrecta al&nbsp;sol&nbsp;que provoca&nbsp;da&ntilde;o acumulativo&nbsp;en el&#8230; <a class=\"view-article\" href=\"https:\/\/www.mendoza.gov.ar\/prensa\/profesionales-revisaran-manchas-y-lunares-en-general-alvear\/\"><\/a>","protected":false},"author":75,"featured_media":178904,"comment_status":"open","ping_status":"open","sticky":false,"template":"","format":"standard","meta":[],"categories":[30,32],"tags":[],"_links":{"self":[{"href":"https:\/\/www.mendoza.gov.ar\/prensa\/wp-json\/wp\/v2\/posts\/178903"}],"collection":[{"href":"https:\/\/www.mendoza.gov.ar\/prensa\/wp-json\/wp\/v2\/posts"}],"about":[{"href":"https:\/\/www.mendoza.gov.ar\/prensa\/wp-json\/wp\/v2\/types\/post"}],"author":[{"embeddable":true,"href":"https:\/\/www.mendoza.gov.ar\/prensa\/wp-json\/wp\/v2\/users\/75"}],"replies":[{"embeddable":true,"href":"https:\/\/www.mendoza.gov.ar\/prensa\/wp-json\/wp\/v2\/comments?post=178903"}],"version-history":[{"count":2,"href":"https:\/\/www.mendoza.gov.ar\/prensa\/wp-json\/wp\/v2\/posts\/178903\/revisions"}],"predecessor-version":[{"id":178906,"href":"https:\/\/www.mendoza.gov.ar\/prensa\/wp-json\/wp\/v2\/posts\/178903\/revisions\/178906"}],"wp:featuredmedia":[{"embeddable":true,"href":"https:\/\/www.mendoza.gov.ar\/prensa\/wp-json\/wp\/v2\/media\/178904"}],"wp:attachment":[{"href":"https:\/\/www.mendoza.gov.ar\/prensa\/wp-json\/wp\/v2\/media?parent=178903"}],"wp:term":[{"taxonomy":"category","embeddable":true,"href":"https:\/\/www.mendoza.gov.ar\/prensa\/wp-json\/wp\/v2\/categories?post=178903"},{"taxonomy":"post_tag","embeddable":true,"href":"https:\/\/www.mendoza.gov.ar\/prensa\/wp-json\/wp\/v2\/tags?post=178903"}],"curies":[{"name":"wp","href":"https:\/\/api.w.org\/{rel}","templated":true}]}}