{"id":179090,"date":"2019-04-08T13:50:49","date_gmt":"2019-04-08T16:50:49","guid":{"rendered":"http:\/\/prensa.wp1.mendoza.gov.ar\/?p=179090"},"modified":"2019-04-08T15:00:19","modified_gmt":"2019-04-08T18:00:19","slug":"aumento-en-un-300-la-recaudacion-por-eventos-especiales-en-las-areas-naturales-protegidas","status":"publish","type":"post","link":"https:\/\/www.mendoza.gov.ar\/prensa\/aumento-en-un-300-la-recaudacion-por-eventos-especiales-en-las-areas-naturales-protegidas\/","title":{"rendered":"Aument\u00f3 300% la recaudaci\u00f3n por eventos especiales en las \u00c1reas Naturales Protegidas"},"content":{"rendered":"<!DOCTYPE html PUBLIC \"-\/\/W3C\/\/DTD HTML 4.0 Transitional\/\/EN\" \"http:\/\/www.w3.org\/TR\/REC-html40\/loose.dtd\">\n<html><body><h5>La suma registrada por la Direcci&oacute;n de Recursos Naturales Renovables fue superior a $420.000, es decir, mayor que la del a&ntilde;o anterior, cuando alcanz&oacute; $140.500. Este dinero se utiliza para fortalecer el Sistema de &Aacute;reas Naturales Protegidas de la provincia.<\/h5>\n<p>La Secretar&iacute;a de Ambiente y Ordenamiento Territorial entiende por eventos especiales a actividades como recitales, exposiciones, degustaciones, eventos deportivos, promocionales, culturales y\/o sociales, filmaciones publicitarias, documentales, pel&iacute;culas y fotograf&iacute;as que se realicen dentro de las &aacute;reas naturales protegidas provinciales durante un determinado per&iacute;odo. Estos son regulados por la Resoluci&oacute;n 343\/09 de la Direcci&oacute;n de Recursos Naturales Renovables, consagrada como autoridad de aplicaci&oacute;n por la Ley Provincial 6045, que regula el sistema provincial de &aacute;reas naturales protegidas, que le da facultades para regular el uso p&uacute;blico de estas &aacute;reas.<\/p>\n<p>Los montos a abonar por parte de los responsables ser&aacute;n calculados seg&uacute;n lo dispuesto en la Ley Impositiva 2009 8006, art&iacute;culo 73, ac&aacute;pite VII incisos 9 y 10. La nota de solicitud para la realizaci&oacute;n de eventos especiales se presentar&aacute; por Mesa de Entradas de la Direcci&oacute;n de Recursos Naturales Renovables con una antelaci&oacute;n no menor a 30 d&iacute;as h&aacute;biles Debe ir firmada por el responsable de la instituci&oacute;n que va a realizar el evento o apoderado, en hoja con membrete de la instituci&oacute;n, n&uacute;mero de tel&eacute;fono y\/o direcci&oacute;n de correo electr&oacute;nico de contacto.<\/p>\n<p>Las solicitudes que se presenten para realizar eventos especiales deben ser evaluadas y dictaminadas por la Unidad T&eacute;cnica del Departamento de &Aacute;reas Naturales Protegidas y Asesor&iacute;a Letrada. En caso de ser necesario, deber&aacute;n ser dictaminadas, seg&uacute;n corresponda, por los Departamentos de Flora Nativa y Fauna Silvestre de la Direcci&oacute;n de Recursos Naturales Renovables.<\/p>\n<p>Al evaluar y autorizar la solicitud para la realizaci&oacute;n de eventos especiales, siempre se priorizan el cuidado y preservaci&oacute;n del ambiente y los recursos naturales y culturales del &aacute;rea protegida en cuesti&oacute;n.<\/p>\n<p>&nbsp;<\/p>\n\n        <style type='text\/css'>\n            #gallery-1 {\n                margin: auto;\n            }\n            #gallery-1 .gallery-item {\n                float: left;\n                margin-top: 10px;\n\n                width: auto;}\n            #gallery-1 img {\n                border: 0px none;\n            }\n            #gallery-1 .gallery-caption {\n                margin-left: 0;\n            }\n        <\/style>\n<script>\njQuery(document).ready(function($) {\n  jQuery('div.gallery-item').hover(function(){\n     \/\/jQuery(this).fadeIn().siblings(':not(.modal)').fadeTo( 'slow' , 0.2);\n     jQuery(this).siblings(':not(.modal)').fadeTo( 'fast' , 0.2);\n     jQuery(this).fadeTo( 'slow' , 1);\n  },function(){\n     \/\/$(this).siblings().andSelf().fadeTo( 'slow' , 1);\n  });\n  jQuery('#gallery-1').on('mouseleave',function(){\n    jQuery('div.gallery-item').fadeTo( 'fast' , 1);\n  })\n});\n<\/script>\n        <!-- see gallery_shortcode() in wp-includes\/media.php -->\n        <h3>GALERIA<\/h3>\n        <div id='gallery-1' class='gallery galleryid-179090'><div class='gallery-item' data-toggle='modal' data-target='#179091' id='r179091'>\n            <dt class='gallery-icon'>\n                <a style='cursor:pointer;'><img width='150' height='150' src='https:\/\/www.mendoza.gov.ar\/wp-content\/uploads\/sites\/5\/2019\/04\/dia-del-ni\u00f1o-3-copia-150x150.jpg' class='attachment-thumbnail size-thumbnail' alt='' href=''><\/a>\n             <\/dt><\/div><div class=\"modal fade bs-example-modal-lg\" id=\"179091\" tabindex=\"-1\" role=\"dialog\" aria-labelledby=\"myModalLabel\">\n  <div class=\"modal-dialog modal-lg\" role=\"document\">\n    <div class=\"\">\n      <div class=\"modal-body\" style=\"text-align: center;\"><a href='https:\/\/www.mendoza.gov.ar\/prensa\/aumento-en-un-300-la-recaudacion-por-eventos-especiales-en-las-areas-naturales-protegidas\/dia-del-nino-3-copia\/'><img width=\"700\" height=\"525\" src=\"https:\/\/www.mendoza.gov.ar\/wp-content\/uploads\/sites\/5\/2019\/04\/dia-del-ni\u00f1o-3-copia-700x525.jpg\" class=\"attachment-large size-large\" alt=\"\" loading=\"lazy\" srcset=\"https:\/\/www.mendoza.gov.ar\/wp-content\/uploads\/sites\/5\/2019\/04\/dia-del-ni\u00f1o-3-copia-700x525.jpg 700w, https:\/\/www.mendoza.gov.ar\/wp-content\/uploads\/sites\/5\/2019\/04\/dia-del-ni\u00f1o-3-copia-250x188.jpg 250w, https:\/\/www.mendoza.gov.ar\/wp-content\/uploads\/sites\/5\/2019\/04\/dia-del-ni\u00f1o-3-copia-768x576.jpg 768w, https:\/\/www.mendoza.gov.ar\/wp-content\/uploads\/sites\/5\/2019\/04\/dia-del-ni\u00f1o-3-copia-120x90.jpg 120w, https:\/\/www.mendoza.gov.ar\/wp-content\/uploads\/sites\/5\/2019\/04\/dia-del-ni\u00f1o-3-copia.jpg 1728w\" sizes=\"(max-width: 700px) 100vw, 700px\" \/><\/a><a data-toggle=\"modal\" data-dismiss=\"modal\" data-target=\"#179092\"><i class=\"text-white fa fa-chevron-right fa-4x\"><\/i><\/a><\/div>\n    <\/div>\n  <\/div>\n<\/div><div class='gallery-item' data-toggle='modal' data-target='#179092' id='r179092'>\n            <dt class='gallery-icon'>\n                <a style='cursor:pointer;'><img width='150' height='150' src='https:\/\/www.mendoza.gov.ar\/wp-content\/uploads\/sites\/5\/2019\/04\/diaman-copia-150x150.jpg' class='attachment-thumbnail size-thumbnail' alt='' href=''><\/a>\n             <\/dt><\/div><div class=\"modal fade bs-example-modal-lg\" id=\"179092\" tabindex=\"-1\" role=\"dialog\" aria-labelledby=\"myModalLabel\">\n  <div class=\"modal-dialog modal-lg\" role=\"document\">\n    <div class=\"\">\n      <div class=\"modal-body\" style=\"text-align: center;\"><a data-toggle=\"modal\" data-dismiss=\"modal\" data-target=\"#179091\"><i class=\"text-white fa fa-chevron-left fa-4x\"><\/i><\/a><a href='https:\/\/www.mendoza.gov.ar\/prensa\/aumento-en-un-300-la-recaudacion-por-eventos-especiales-en-las-areas-naturales-protegidas\/diaman-copia\/'><img width=\"700\" height=\"525\" src=\"https:\/\/www.mendoza.gov.ar\/wp-content\/uploads\/sites\/5\/2019\/04\/diaman-copia-700x525.jpg\" class=\"attachment-large size-large\" alt=\"\" loading=\"lazy\" srcset=\"https:\/\/www.mendoza.gov.ar\/wp-content\/uploads\/sites\/5\/2019\/04\/diaman-copia-700x525.jpg 700w, https:\/\/www.mendoza.gov.ar\/wp-content\/uploads\/sites\/5\/2019\/04\/diaman-copia-250x188.jpg 250w, https:\/\/www.mendoza.gov.ar\/wp-content\/uploads\/sites\/5\/2019\/04\/diaman-copia-768x576.jpg 768w, https:\/\/www.mendoza.gov.ar\/wp-content\/uploads\/sites\/5\/2019\/04\/diaman-copia-120x90.jpg 120w\" sizes=\"(max-width: 700px) 100vw, 700px\" \/><\/a><a data-toggle=\"modal\" data-dismiss=\"modal\" data-target=\"#179093\"><i class=\"text-white fa fa-chevron-right fa-4x\"><\/i><\/a><\/div>\n    <\/div>\n  <\/div>\n<\/div><div class='gallery-item' data-toggle='modal' data-target='#179093' id='r179093'>\n            <dt class='gallery-icon'>\n                <a style='cursor:pointer;'><img width='150' height='150' src='https:\/\/www.mendoza.gov.ar\/wp-content\/uploads\/sites\/5\/2019\/04\/DSC_3187-copia-150x150.jpg' class='attachment-thumbnail size-thumbnail' alt='' href=''><\/a>\n             <\/dt><\/div><div class=\"modal fade bs-example-modal-lg\" id=\"179093\" tabindex=\"-1\" role=\"dialog\" aria-labelledby=\"myModalLabel\">\n  <div class=\"modal-dialog modal-lg\" role=\"document\">\n    <div class=\"\">\n      <div class=\"modal-body\" style=\"text-align: center;\"><a data-toggle=\"modal\" data-dismiss=\"modal\" data-target=\"#179092\"><i class=\"text-white fa fa-chevron-left fa-4x\"><\/i><\/a><a href='https:\/\/www.mendoza.gov.ar\/prensa\/aumento-en-un-300-la-recaudacion-por-eventos-especiales-en-las-areas-naturales-protegidas\/dsc_3187-copia\/'><img width=\"700\" height=\"467\" src=\"https:\/\/www.mendoza.gov.ar\/wp-content\/uploads\/sites\/5\/2019\/04\/DSC_3187-copia-700x467.jpg\" class=\"attachment-large size-large\" alt=\"\" loading=\"lazy\" srcset=\"https:\/\/www.mendoza.gov.ar\/wp-content\/uploads\/sites\/5\/2019\/04\/DSC_3187-copia-700x467.jpg 700w, https:\/\/www.mendoza.gov.ar\/wp-content\/uploads\/sites\/5\/2019\/04\/DSC_3187-copia-250x167.jpg 250w, https:\/\/www.mendoza.gov.ar\/wp-content\/uploads\/sites\/5\/2019\/04\/DSC_3187-copia-768x512.jpg 768w, https:\/\/www.mendoza.gov.ar\/wp-content\/uploads\/sites\/5\/2019\/04\/DSC_3187-copia-120x80.jpg 120w\" sizes=\"(max-width: 700px) 100vw, 700px\" \/><\/a><a data-toggle=\"modal\" data-dismiss=\"modal\" data-target=\"#179091\"><i class=\"text-white fa fa-chevron-right fa-4x\"><\/i><\/a><\/div>\n    <\/div>\n  <\/div>\n<\/div>\n            <br style='clear: both;' \/>\n        <\/div>\n\n<\/body><\/html>\n","protected":false},"excerpt":{"rendered":"La suma registrada por la Direcci&oacute;n de Recursos Naturales Renovables fue superior a $420.000, es decir, mayor que la del a&ntilde;o anterior, cuando alcanz&oacute; $140.500. Este dinero se utiliza para fortalecer el Sistema de &Aacute;reas Naturales Protegidas de la provincia. La Secretar&iacute;a de Ambiente y Ordenamiento Territorial entiende por eventos especiales a actividades como recitales,&#8230; <a class=\"view-article\" href=\"https:\/\/www.mendoza.gov.ar\/prensa\/aumento-en-un-300-la-recaudacion-por-eventos-especiales-en-las-areas-naturales-protegidas\/\"><\/a>","protected":false},"author":77,"featured_media":179092,"comment_status":"open","ping_status":"open","sticky":false,"template":"","format":"standard","meta":[],"categories":[3],"tags":[],"_links":{"self":[{"href":"https:\/\/www.mendoza.gov.ar\/prensa\/wp-json\/wp\/v2\/posts\/179090"}],"collection":[{"href":"https:\/\/www.mendoza.gov.ar\/prensa\/wp-json\/wp\/v2\/posts"}],"about":[{"href":"https:\/\/www.mendoza.gov.ar\/prensa\/wp-json\/wp\/v2\/types\/post"}],"author":[{"embeddable":true,"href":"https:\/\/www.mendoza.gov.ar\/prensa\/wp-json\/wp\/v2\/users\/77"}],"replies":[{"embeddable":true,"href":"https:\/\/www.mendoza.gov.ar\/prensa\/wp-json\/wp\/v2\/comments?post=179090"}],"version-history":[{"count":3,"href":"https:\/\/www.mendoza.gov.ar\/prensa\/wp-json\/wp\/v2\/posts\/179090\/revisions"}],"predecessor-version":[{"id":179113,"href":"https:\/\/www.mendoza.gov.ar\/prensa\/wp-json\/wp\/v2\/posts\/179090\/revisions\/179113"}],"wp:featuredmedia":[{"embeddable":true,"href":"https:\/\/www.mendoza.gov.ar\/prensa\/wp-json\/wp\/v2\/media\/179092"}],"wp:attachment":[{"href":"https:\/\/www.mendoza.gov.ar\/prensa\/wp-json\/wp\/v2\/media?parent=179090"}],"wp:term":[{"taxonomy":"category","embeddable":true,"href":"https:\/\/www.mendoza.gov.ar\/prensa\/wp-json\/wp\/v2\/categories?post=179090"},{"taxonomy":"post_tag","embeddable":true,"href":"https:\/\/www.mendoza.gov.ar\/prensa\/wp-json\/wp\/v2\/tags?post=179090"}],"curies":[{"name":"wp","href":"https:\/\/api.w.org\/{rel}","templated":true}]}}