{"id":18017,"date":"2010-04-15T00:00:00","date_gmt":"2010-04-15T00:00:00","guid":{"rendered":"http:\/\/prensa.wp2.mendoza.gov.ar\/?p=18017"},"modified":"2010-04-15T00:00:00","modified_gmt":"2010-04-15T00:00:00","slug":"manana-comenzaran-las-jornadas-internacionales-de-energia-en-la-facultad-de-ingenieria-de-la-uncuyo","status":"publish","type":"post","link":"https:\/\/www.mendoza.gov.ar\/prensa\/manana-comenzaran-las-jornadas-internacionales-de-energia-en-la-facultad-de-ingenieria-de-la-uncuyo\/","title":{"rendered":"MA\u00d1ANA COMENZAR\u00c1N LAS JORNADAS INTERNACIONALES DE ENERG\u00cdA EN LA FACULTAD DE INGENIER\u00cdA DE LA UNCUYO"},"content":{"rendered":"<!DOCTYPE html PUBLIC \"-\/\/W3C\/\/DTD HTML 4.0 Transitional\/\/EN\" \"http:\/\/www.w3.org\/TR\/REC-html40\/loose.dtd\">\n<html><body><p>La Facultad de Ingenier&iacute;a de la Universidad Nacional de Cuyo, a trav&eacute;s de su Maestr&iacute;a en Energ&iacute;a, realizar&aacute; ma&ntilde;ana y el s&aacute;bado, desde las 8, las Jornadas Internacionales de Energ&iacute;a, durante las que se tratar&aacute;n temas como las energ&iacute;as renovables y no renovables, y el futuro energ&eacute;tico de nuestro pa&iacute;s. <\/p>\n<p>Las charlas comenzar&aacute;n a las 8.30, luego de realizarse las acreditaciones de los participantes.Ser&aacute;n en el Aula Magna de esa casa de altos estudios, en la Ciudad Universitaria del parque General San Mart&iacute;n de Capital, donde importantes especialistas de esa tem&aacute;tica disertaran sobre el desarrollo energ&eacute;tico de la Argentina. El objetivo es obtener una visi&oacute;n global de los desaf&iacute;os a superar en esa materia.<\/p>\n<p>En el encuentro se prev&eacute; la participaci&oacute;n de renombrados investigadores de Chile, Per&uacute; y Brasil, as&iacute; como especialistas de la Subsecretaria de Hidrocarburos, Miner&iacute;a y Energ&iacute;a del Ministerio de Infraestructura, Vivienda y Transporte de la Provincia, quienes aportar&aacute;n su visi&oacute;n sobre el futuro de la energ&iacute;a en Mendoza.<\/p>\n<p><strong>Fuente:<\/strong> Prensa Ministerio de Infraestructura, Vivienda y Transporte<\/p>\n<p><strong>Edici&oacute;n:<\/strong> Gabriel Espejo<\/p>\n<\/body><\/html>\n","protected":false},"excerpt":{"rendered":"La Facultad de Ingenier&iacute;a de la Universidad Nacional de Cuyo, a trav&eacute;s de su Maestr&iacute;a en Energ&iacute;a, realizar&aacute; ma&ntilde;ana y el s&aacute;bado, desde las 8, las Jornadas Internacionales de Energ&iacute;a, durante las que se tratar&aacute;n temas como las energ&iacute;as renovables y no renovables, y el futuro energ&eacute;tico de nuestro pa&iacute;s. Las charlas comenzar&aacute;n a las&#8230; <a class=\"view-article\" href=\"https:\/\/www.mendoza.gov.ar\/prensa\/manana-comenzaran-las-jornadas-internacionales-de-energia-en-la-facultad-de-ingenieria-de-la-uncuyo\/\"><\/a>","protected":false},"author":3,"featured_media":0,"comment_status":"closed","ping_status":"open","sticky":false,"template":"","format":"standard","meta":[],"categories":[1],"tags":[],"_links":{"self":[{"href":"https:\/\/www.mendoza.gov.ar\/prensa\/wp-json\/wp\/v2\/posts\/18017"}],"collection":[{"href":"https:\/\/www.mendoza.gov.ar\/prensa\/wp-json\/wp\/v2\/posts"}],"about":[{"href":"https:\/\/www.mendoza.gov.ar\/prensa\/wp-json\/wp\/v2\/types\/post"}],"author":[{"embeddable":true,"href":"https:\/\/www.mendoza.gov.ar\/prensa\/wp-json\/wp\/v2\/users\/3"}],"replies":[{"embeddable":true,"href":"https:\/\/www.mendoza.gov.ar\/prensa\/wp-json\/wp\/v2\/comments?post=18017"}],"version-history":[{"count":0,"href":"https:\/\/www.mendoza.gov.ar\/prensa\/wp-json\/wp\/v2\/posts\/18017\/revisions"}],"wp:attachment":[{"href":"https:\/\/www.mendoza.gov.ar\/prensa\/wp-json\/wp\/v2\/media?parent=18017"}],"wp:term":[{"taxonomy":"category","embeddable":true,"href":"https:\/\/www.mendoza.gov.ar\/prensa\/wp-json\/wp\/v2\/categories?post=18017"},{"taxonomy":"post_tag","embeddable":true,"href":"https:\/\/www.mendoza.gov.ar\/prensa\/wp-json\/wp\/v2\/tags?post=18017"}],"curies":[{"name":"wp","href":"https:\/\/api.w.org\/{rel}","templated":true}]}}