{"id":18028,"date":"2010-04-22T00:00:00","date_gmt":"2010-04-22T00:00:00","guid":{"rendered":"http:\/\/prensa.wp2.mendoza.gov.ar\/?p=18028"},"modified":"2010-04-22T00:00:00","modified_gmt":"2010-04-22T00:00:00","slug":"manana-se-inaugurara-la-refuncionalizacion-del-centro-de-salud-120-de-general-alvear","status":"publish","type":"post","link":"https:\/\/www.mendoza.gov.ar\/prensa\/manana-se-inaugurara-la-refuncionalizacion-del-centro-de-salud-120-de-general-alvear\/","title":{"rendered":"MA\u00d1ANA SE INAUGURAR\u00c1 LA REFUNCIONALIZACI\u00d3N DEL CENTRO DE SALUD 120 DE GENERAL ALVEAR"},"content":{"rendered":"<!DOCTYPE html PUBLIC \"-\/\/W3C\/\/DTD HTML 4.0 Transitional\/\/EN\" \"http:\/\/www.w3.org\/TR\/REC-html40\/loose.dtd\">\n<html><body><p>El Gobernador de la Provincia acompa&ntilde;ado por los Ministros de Infraestructura &nbsp;y de Salud inagurar&aacute;&nbsp; ma&ntilde;ana la obra de refuncionalizaci&oacute;n y ampliaci&oacute;n del centro de Salud de Alvear Oeste.<\/p>\n<p>Esta obra, que demand&oacute; una inversi&oacute;n d$ 418.000, &nbsp;ha sido especialmente planeada para cuidar el normal funcionamiento del Centro de Salud mientras se realizan los trabajos de obra, debido a que este centro asistencial es el &uacute;nico de la zona. &nbsp;Por lo que las tareas han sido ejecutadas en tres etapas: en primer lugar la ampliaci&oacute;n de los consultorios del sector este del centro asistencial, posteriormente la remodelaci&oacute;n del edifico existente y finalmente la ampliaci&oacute;n de los consultorios del sector frontal y la fachada del Centro de Salud.<\/p>\n<p>El proyecto arquitect&oacute;nico de la obra ofrece &aacute;reas de trabajo y de descanso adecuadas, para lograrlo se zonific&oacute; la vieja construcci&oacute;n, de modo que en un sector se desarrollen todas las actividades donde s&oacute;lo participa el personal del Centro de Salud, tales como Administraci&oacute;n, Sala para Reuniones, Sanitario de Personal , office y dep&oacute;sito.<\/p>\n<p>En un sector intermedio se resuelve el ingreso del p&uacute;blico, con la Mesa de Entradas y la Sala de Espera. &Eacute;sta tiene capacidad para 22 personas sentadas y se vincula directamente con los sanitarios para p&uacute;blico, diferenciados por sexo y dimensionados para permitir el acceso de una silla de ruedas. La sala de espera tiene una expansi&oacute;n hacia un patio interior, que le otorga iluminaci&oacute;n y ventilaci&oacute;n natural, adem&aacute;s de brindarle una vista agradable a quienes esperan ser atendidos.<\/p>\n<p>Desde all&iacute; se abre la circulaci&oacute;n a los Consultorios, en donde &nbsp;se encuentra Enfermer&iacute;a y Odontolog&iacute;a, con equipamiento e instalaciones nuevas. &nbsp;El &aacute;rea de Ginecolog&iacute;a cuenta con ba&ntilde;o privado para pacientes y vanitory en el consultorio.<\/p>\n<p>Desde un sector de espera secundaria, tambi&eacute;n vinculado visualmente con el patio interior, se encuentran tres nuevos consultorios, todos &nbsp;provistos de ventilaci&oacute;n natural.<\/p>\n<p>La nueva fachada tiene acceso a un amplio porch&nbsp; techado, limitado por peque&ntilde;os espacios tratados paisaj&iacute;sticamente con vegetaci&oacute;n aut&oacute;ctona de tipo xer&oacute;fila, como cactus y algunas cortaderas.<\/p>\n<p>Esta obra pretende propiciar el uso intensivo de las instalaciones del Centro Sanitario brind&aacute;ndole a la poblaci&oacute;n un Centros de Salud funcional, donde tanto pacientes como profesionales se sientan &nbsp;c&oacute;modos, en un ambiente luminoso, ventilado y de dimensiones suficientes.<\/p>\n<p>Editado por: Paula Morandini<\/p>\n<\/body><\/html>\n","protected":false},"excerpt":{"rendered":"El Gobernador de la Provincia acompa&ntilde;ado por los Ministros de Infraestructura &nbsp;y de Salud inagurar&aacute;&nbsp; ma&ntilde;ana la obra de refuncionalizaci&oacute;n y ampliaci&oacute;n del centro de Salud de Alvear Oeste. Esta obra, que demand&oacute; una inversi&oacute;n d$ 418.000, &nbsp;ha sido especialmente planeada para cuidar el normal funcionamiento del Centro de Salud mientras se realizan los trabajos&#8230; <a class=\"view-article\" href=\"https:\/\/www.mendoza.gov.ar\/prensa\/manana-se-inaugurara-la-refuncionalizacion-del-centro-de-salud-120-de-general-alvear\/\"><\/a>","protected":false},"author":3,"featured_media":0,"comment_status":"closed","ping_status":"open","sticky":false,"template":"","format":"standard","meta":[],"categories":[1],"tags":[],"_links":{"self":[{"href":"https:\/\/www.mendoza.gov.ar\/prensa\/wp-json\/wp\/v2\/posts\/18028"}],"collection":[{"href":"https:\/\/www.mendoza.gov.ar\/prensa\/wp-json\/wp\/v2\/posts"}],"about":[{"href":"https:\/\/www.mendoza.gov.ar\/prensa\/wp-json\/wp\/v2\/types\/post"}],"author":[{"embeddable":true,"href":"https:\/\/www.mendoza.gov.ar\/prensa\/wp-json\/wp\/v2\/users\/3"}],"replies":[{"embeddable":true,"href":"https:\/\/www.mendoza.gov.ar\/prensa\/wp-json\/wp\/v2\/comments?post=18028"}],"version-history":[{"count":0,"href":"https:\/\/www.mendoza.gov.ar\/prensa\/wp-json\/wp\/v2\/posts\/18028\/revisions"}],"wp:attachment":[{"href":"https:\/\/www.mendoza.gov.ar\/prensa\/wp-json\/wp\/v2\/media?parent=18028"}],"wp:term":[{"taxonomy":"category","embeddable":true,"href":"https:\/\/www.mendoza.gov.ar\/prensa\/wp-json\/wp\/v2\/categories?post=18028"},{"taxonomy":"post_tag","embeddable":true,"href":"https:\/\/www.mendoza.gov.ar\/prensa\/wp-json\/wp\/v2\/tags?post=18028"}],"curies":[{"name":"wp","href":"https:\/\/api.w.org\/{rel}","templated":true}]}}