{"id":18039,"date":"2010-05-05T00:00:00","date_gmt":"2010-05-05T00:00:00","guid":{"rendered":"http:\/\/prensa.wp2.mendoza.gov.ar\/?p=18039"},"modified":"2010-05-05T00:00:00","modified_gmt":"2010-05-05T00:00:00","slug":"diego-martinez-palau-asumio-como-director-de-vias-y-medios-de-transporte-de-la-provincia","status":"publish","type":"post","link":"https:\/\/www.mendoza.gov.ar\/prensa\/diego-martinez-palau-asumio-como-director-de-vias-y-medios-de-transporte-de-la-provincia\/","title":{"rendered":"DIEGO MART\u00cdNEZ PALAU ASUMI\u00d3 COMO DIRECTOR DE V\u00cdAS Y MEDIOS DE TRANSPORTE DE LA PROVINCIA"},"content":{"rendered":"<!DOCTYPE html PUBLIC \"-\/\/W3C\/\/DTD HTML 4.0 Transitional\/\/EN\" \"http:\/\/www.w3.org\/TR\/REC-html40\/loose.dtd\">\n<html><body><p>Diego Mart&iacute;nez Palau asumi&oacute; esta ma&ntilde;ana como nuevo director de V&iacute;as y Medios de Transporte, en un acto presidido en la sede de este organismo por el ministro de Infraestructura, Vivienda y Transporte, Francisco P&eacute;rez, quien estuvo acompa&ntilde;ado por la subsecretaria de Servicios P&uacute;blicos, Patricia Mart&iacute;nez, y el titular saliente Transporte y actual senador provincial, Andr&eacute;s Da Rold.<\/p>\n<p>En la ocasi&oacute;n, Mart&iacute;nez Palau destac&oacute; la importancia que para &eacute;l tiene la capacitaci&oacute;n de los inspectores y los choferes de transporte. Adem&aacute;s, dej&oacute; en claro su compromiso con la gesti&oacute;n al detallar que va a recorrer la provincia y a aplicar mucho sentido com&uacute;n en las decisiones.<\/p>\n<p>El flamante funcionario, un abogado de 42 a&ntilde;os, sostuvo que har&aacute; hincapi&eacute; en &ldquo;una fuerte y sostenida regulaci&oacute;n del transporte&rdquo;, as&iacute; como en la capacitaci&oacute;n de los conductores y los inspectores de los sectores tanto p&uacute;blico como privado.<\/p>\n<p>A su turno, P&eacute;rez se&ntilde;al&oacute; que Mart&iacute;nez Palau tiene por delante una tarea de gran responsabilidad, por ser el transporte un servicio de mucho impacto social. E indic&oacute; que una de las premisas del nuevo director ser&aacute; &ldquo;caminar la provincia para escuchar las necesidades del usuario&rdquo;.<\/p>\n\n<p><strong>Fuente:<\/strong> Prensa Insfraestructura, Vivienda y Transporte<\/p>\n<p><strong>Edici&oacute;n:<\/strong> Gabriel Espejo <\/p>\n<\/body><\/html>\n","protected":false},"excerpt":{"rendered":"Diego Mart&iacute;nez Palau asumi&oacute; esta ma&ntilde;ana como nuevo director de V&iacute;as y Medios de Transporte, en un acto presidido en la sede de este organismo por el ministro de Infraestructura, Vivienda y Transporte, Francisco P&eacute;rez, quien estuvo acompa&ntilde;ado por la subsecretaria de Servicios P&uacute;blicos, Patricia Mart&iacute;nez, y el titular saliente Transporte y actual senador provincial,&#8230; <a class=\"view-article\" href=\"https:\/\/www.mendoza.gov.ar\/prensa\/diego-martinez-palau-asumio-como-director-de-vias-y-medios-de-transporte-de-la-provincia\/\"><\/a>","protected":false},"author":3,"featured_media":0,"comment_status":"closed","ping_status":"open","sticky":false,"template":"","format":"standard","meta":[],"categories":[1],"tags":[],"_links":{"self":[{"href":"https:\/\/www.mendoza.gov.ar\/prensa\/wp-json\/wp\/v2\/posts\/18039"}],"collection":[{"href":"https:\/\/www.mendoza.gov.ar\/prensa\/wp-json\/wp\/v2\/posts"}],"about":[{"href":"https:\/\/www.mendoza.gov.ar\/prensa\/wp-json\/wp\/v2\/types\/post"}],"author":[{"embeddable":true,"href":"https:\/\/www.mendoza.gov.ar\/prensa\/wp-json\/wp\/v2\/users\/3"}],"replies":[{"embeddable":true,"href":"https:\/\/www.mendoza.gov.ar\/prensa\/wp-json\/wp\/v2\/comments?post=18039"}],"version-history":[{"count":0,"href":"https:\/\/www.mendoza.gov.ar\/prensa\/wp-json\/wp\/v2\/posts\/18039\/revisions"}],"wp:attachment":[{"href":"https:\/\/www.mendoza.gov.ar\/prensa\/wp-json\/wp\/v2\/media?parent=18039"}],"wp:term":[{"taxonomy":"category","embeddable":true,"href":"https:\/\/www.mendoza.gov.ar\/prensa\/wp-json\/wp\/v2\/categories?post=18039"},{"taxonomy":"post_tag","embeddable":true,"href":"https:\/\/www.mendoza.gov.ar\/prensa\/wp-json\/wp\/v2\/tags?post=18039"}],"curies":[{"name":"wp","href":"https:\/\/api.w.org\/{rel}","templated":true}]}}