{"id":18078,"date":"2010-06-03T00:00:00","date_gmt":"2010-06-03T00:00:00","guid":{"rendered":"http:\/\/prensa.wp2.mendoza.gov.ar\/?p=18078"},"modified":"2010-06-03T00:00:00","modified_gmt":"2010-06-03T00:00:00","slug":"manana-se-inaugurara-la-red-de-gas-natural-de-la-calle-terrada-en-lujan","status":"publish","type":"post","link":"https:\/\/www.mendoza.gov.ar\/prensa\/manana-se-inaugurara-la-red-de-gas-natural-de-la-calle-terrada-en-lujan\/","title":{"rendered":"MA\u00d1ANA SE INAUGURAR\u00c1 LA RED DE GAS NATURAL DE LA CALLE TERRADA EN LUJ\u00c1N"},"content":{"rendered":"<!DOCTYPE html PUBLIC \"-\/\/W3C\/\/DTD HTML 4.0 Transitional\/\/EN\" \"http:\/\/www.w3.org\/TR\/REC-html40\/loose.dtd\">\n<html><body><p>Los&nbsp; 260 vecinos de la calle Terrada en Luj&aacute;n de Cuyo, disfrutar&aacute;n de los beneficios del gas natural domiciliario, ya que a partir del tradicional encendido de llama por parte de los funcionarios provinciales, la obra &ldquo;Gas natural para Terrada&rdquo; quedar&aacute; oficialmente inaugurada.<\/p>\n<p>El tramo de esta tradicional arteria lujanina que se ver&aacute; afectado por la incorporaci&oacute;n a la red de gas, se localiza entre R&iacute;o Mendoza y Calle P&uacute;blica, en el Distrito de Perdriel.<\/p>\n<p>La obra, que demand&oacute; una inversi&oacute;n de $ 1.882.000, consta de 20 kil&oacute;metros de ca&ntilde;er&iacute;as para abastecer las redes de media presi&oacute;n, que alimentar&aacute;n una planta de regulaci&oacute;n final. La empresa BGPA SA ha sido la encargada de ejecutar este ambicioso proyecto.<\/p>\n<p>El acto de inauguraci&oacute;n se realizar&aacute; a las 17.00hs en la Calle Terrada Y Quintana del Distrito de Perdriel.<\/p>\n<p>Editado por: Paula Morandini<\/p>\n<\/body><\/html>\n","protected":false},"excerpt":{"rendered":"Los&nbsp; 260 vecinos de la calle Terrada en Luj&aacute;n de Cuyo, disfrutar&aacute;n de los beneficios del gas natural domiciliario, ya que a partir del tradicional encendido de llama por parte de los funcionarios provinciales, la obra &ldquo;Gas natural para Terrada&rdquo; quedar&aacute; oficialmente inaugurada. El tramo de esta tradicional arteria lujanina que se ver&aacute; afectado por&#8230; <a class=\"view-article\" href=\"https:\/\/www.mendoza.gov.ar\/prensa\/manana-se-inaugurara-la-red-de-gas-natural-de-la-calle-terrada-en-lujan\/\"><\/a>","protected":false},"author":3,"featured_media":0,"comment_status":"closed","ping_status":"open","sticky":false,"template":"","format":"standard","meta":[],"categories":[1],"tags":[],"_links":{"self":[{"href":"https:\/\/www.mendoza.gov.ar\/prensa\/wp-json\/wp\/v2\/posts\/18078"}],"collection":[{"href":"https:\/\/www.mendoza.gov.ar\/prensa\/wp-json\/wp\/v2\/posts"}],"about":[{"href":"https:\/\/www.mendoza.gov.ar\/prensa\/wp-json\/wp\/v2\/types\/post"}],"author":[{"embeddable":true,"href":"https:\/\/www.mendoza.gov.ar\/prensa\/wp-json\/wp\/v2\/users\/3"}],"replies":[{"embeddable":true,"href":"https:\/\/www.mendoza.gov.ar\/prensa\/wp-json\/wp\/v2\/comments?post=18078"}],"version-history":[{"count":0,"href":"https:\/\/www.mendoza.gov.ar\/prensa\/wp-json\/wp\/v2\/posts\/18078\/revisions"}],"wp:attachment":[{"href":"https:\/\/www.mendoza.gov.ar\/prensa\/wp-json\/wp\/v2\/media?parent=18078"}],"wp:term":[{"taxonomy":"category","embeddable":true,"href":"https:\/\/www.mendoza.gov.ar\/prensa\/wp-json\/wp\/v2\/categories?post=18078"},{"taxonomy":"post_tag","embeddable":true,"href":"https:\/\/www.mendoza.gov.ar\/prensa\/wp-json\/wp\/v2\/tags?post=18078"}],"curies":[{"name":"wp","href":"https:\/\/api.w.org\/{rel}","templated":true}]}}