{"id":18090,"date":"2010-06-30T00:00:00","date_gmt":"2010-06-30T00:00:00","guid":{"rendered":"http:\/\/prensa.wp2.mendoza.gov.ar\/?p=18090"},"modified":"2010-06-30T00:00:00","modified_gmt":"2010-06-30T00:00:00","slug":"comenzara-la-ampliacion-de-la-escuela-antonio-zinny-de-lujan","status":"publish","type":"post","link":"https:\/\/www.mendoza.gov.ar\/prensa\/comenzara-la-ampliacion-de-la-escuela-antonio-zinny-de-lujan\/","title":{"rendered":"COMENZAR\u00c1 LA AMPLIACI\u00d3N DE LA ESCUELA ANTONIO ZINNY DE LUJ\u00c1N"},"content":{"rendered":"<!DOCTYPE html PUBLIC \"-\/\/W3C\/\/DTD HTML 4.0 Transitional\/\/EN\" \"http:\/\/www.w3.org\/TR\/REC-html40\/loose.dtd\">\n<html><body><p>El subsecretario de Infraestructura Educativa, Roberto Pacini, y el intendente&nbsp; Omar Parisi presidir&aacute;n ma&ntilde;ana la firma del inicio de obras para la ampliaci&oacute;n y refuncionalizaci&oacute;n integral de la escuela 1-212 Antonio Zinny, de Luj&aacute;n de Cuyo.<br>El acto se realizar&aacute; en el mismo establecimiento, situado en la calle Paso de los Andes 319, en el radio c&eacute;ntrico del departamento. <br>Los trabajos, que se extender&aacute;n durante 10 meses, demandar&aacute;n una inversi&oacute;n oficial de $2.900.000 y ser&aacute;n financiados a trav&eacute;s del Fondo Fiduciario Federal. Ser&aacute;n ejecutados y supervisados por la Subsecretar&iacute;a de Infraestructura, por intermedio de la empresa IROM SA.<br>As&iacute;, la renovaci&oacute;n integral del antiguo inmueble (fue construido en 1910) proporcionar&aacute; mayores comodidades y calidad educativa a los alumnos que en la actualidad concurren al colegio.<br>La escuela est&aacute; ubicada en el centro urbano de Luj&aacute;n de Cuyo. El terreno que ocupa es parte del predio completo de una manzana y lo comparte con otros dos edificios escolares: la 1-012 Saturnino Torres y la 4-033 Laureana Ferrari de Olaz&aacute;bal. <br>El edificio fue declarado bien hist&oacute;rico y pertenece al Patrimonio de Mendoza, por lo que el dise&ntilde;o del proyecto de la obra apunta a conservar los rasgos edilicios existentes.<\/p>\n<p><strong>Detalle de las obras a realizar <\/strong><\/p>\n<p>Obra nueva<\/p>\n<ul>\n<li>&Aacute;rea pedag&oacute;gica: 3 aulas comunes, aula biblioteca, aula multiprop&oacute;sito con galer&iacute;as correspondientes. <\/li>\n<li>&Aacute;rea de gobierno: direcci&oacute;n, secretar&iacute;a y sanitario. <\/li>\n<li>&Aacute;rea de servicios: n&uacute;cleo sanitario con ba&ntilde;o de discapacitados, dep&oacute;sito y sala de maquinas, cisterna, cocina y quiosco. <\/li>\n<li>Espacios exteriores: acceso principal y acceso secundario a nivel inicial. play&oacute;n deportivo<\/li>\n<\/ul>\n<p>Refuncionalizaci&oacute;n y rehabilitaci&oacute;n:<\/p>\n<ul>\n<li>Rehabilitaci&oacute;n y refuncionalizaci&oacute;n de: 3 aulas del bloque norte&nbsp; se destinadas a 2 salas de nivel inicial, con sanitarios<\/li>\n<li>Rehabilitaci&oacute;n y refuncionalizaci&oacute;n de: 2 salas de nivel inicial como 2 aulas comunes.<\/li>\n<li>Reparaci&oacute;n de: patio norte destinado a nivel inicial.<\/li>\n<li>Espacios exteriores: patio de ceremonia.<\/li>\n<\/ul>\n<p>Estas obras incluyen las correspondientes conexiones de los servicios de agua potable, energ&iacute;a el&eacute;ctrica, gas y desag&uuml;es cloacales.<\/p>\n<p>Fuente: Prensa Ministerio de Infraestructura.<\/p>\n<p>Edici&oacute;n: Sandra Pizarro.<\/p>\n<\/body><\/html>\n","protected":false},"excerpt":{"rendered":"El subsecretario de Infraestructura Educativa, Roberto Pacini, y el intendente&nbsp; Omar Parisi presidir&aacute;n ma&ntilde;ana la firma del inicio de obras para la ampliaci&oacute;n y refuncionalizaci&oacute;n integral de la escuela 1-212 Antonio Zinny, de Luj&aacute;n de Cuyo.El acto se realizar&aacute; en el mismo establecimiento, situado en la calle Paso de los Andes 319, en el radio&#8230; <a class=\"view-article\" href=\"https:\/\/www.mendoza.gov.ar\/prensa\/comenzara-la-ampliacion-de-la-escuela-antonio-zinny-de-lujan\/\"><\/a>","protected":false},"author":3,"featured_media":0,"comment_status":"closed","ping_status":"open","sticky":false,"template":"","format":"standard","meta":[],"categories":[1],"tags":[],"_links":{"self":[{"href":"https:\/\/www.mendoza.gov.ar\/prensa\/wp-json\/wp\/v2\/posts\/18090"}],"collection":[{"href":"https:\/\/www.mendoza.gov.ar\/prensa\/wp-json\/wp\/v2\/posts"}],"about":[{"href":"https:\/\/www.mendoza.gov.ar\/prensa\/wp-json\/wp\/v2\/types\/post"}],"author":[{"embeddable":true,"href":"https:\/\/www.mendoza.gov.ar\/prensa\/wp-json\/wp\/v2\/users\/3"}],"replies":[{"embeddable":true,"href":"https:\/\/www.mendoza.gov.ar\/prensa\/wp-json\/wp\/v2\/comments?post=18090"}],"version-history":[{"count":0,"href":"https:\/\/www.mendoza.gov.ar\/prensa\/wp-json\/wp\/v2\/posts\/18090\/revisions"}],"wp:attachment":[{"href":"https:\/\/www.mendoza.gov.ar\/prensa\/wp-json\/wp\/v2\/media?parent=18090"}],"wp:term":[{"taxonomy":"category","embeddable":true,"href":"https:\/\/www.mendoza.gov.ar\/prensa\/wp-json\/wp\/v2\/categories?post=18090"},{"taxonomy":"post_tag","embeddable":true,"href":"https:\/\/www.mendoza.gov.ar\/prensa\/wp-json\/wp\/v2\/tags?post=18090"}],"curies":[{"name":"wp","href":"https:\/\/api.w.org\/{rel}","templated":true}]}}