{"id":18101,"date":"2010-06-24T00:00:00","date_gmt":"2010-06-24T00:00:00","guid":{"rendered":"http:\/\/prensa.wp2.mendoza.gov.ar\/?p=18101"},"modified":"2010-06-24T00:00:00","modified_gmt":"2010-06-24T00:00:00","slug":"manana-se-inaugura-la-sala-de-nivel-inicial-de-la-escuela-simon-chaves","status":"publish","type":"post","link":"https:\/\/www.mendoza.gov.ar\/prensa\/manana-se-inaugura-la-sala-de-nivel-inicial-de-la-escuela-simon-chaves\/","title":{"rendered":"MA\u00d1ANA SE INAUGUR\u00c1 LA SALA DE NIVEL INICIAL DE LA ESCUELA SIM\u00d3N CHAVES"},"content":{"rendered":"<!DOCTYPE html PUBLIC \"-\/\/W3C\/\/DTD HTML 4.0 Transitional\/\/EN\" \"http:\/\/www.w3.org\/TR\/REC-html40\/loose.dtd\">\n<html><body><p>El gobernador Celso Jaque, acompa&ntilde;ado por el ministro de &nbsp;Infraestructura, Francisco P&eacute;rez y el director General de Escuelas, Carlos L&oacute;pez Puelles, inauguraran la sala de Nivel Inicial (4 a&ntilde;os) perteneciente a la escuela 1-281 Sim&oacute;n Chaves, de Lavalle, con esta inauguraci&oacute;n ya son cinco las salas de nivel inicial inauguradas en el &uacute;ltimo mes. &nbsp;De este modo se continua con la premisa de inaugurar semanalmente un establecimiento escolar, concluida la etapa de las escuelas, se dio inicio a este nuevo ciclo.<\/p>\n<p>La obra, que se extendi&oacute; durante 3 meses, comprende una sala de Nivel Inicial para ni&ntilde;os de 4 a&ntilde;os, de 84 metros cuadrados, que demand&oacute; una inversi&oacute;n oficial de $224.000 y fue financiada con fondos provinciales.<\/p>\n<p>Los trabajos fueron ejecutados y supervisados por la Subsecretar&iacute;a de Infraestructura, a trav&eacute;s de la empresa A. J. Construcciones.<\/p>\n<p>&nbsp;El acto protocolar se realizar&aacute; en el flamante establecimiento ubicado en la calle Dorrego s\/n, del distrito El Vergel, y contar&aacute; adem&aacute;s con la presencia del subsecretario de Infraestructura Educativa, Roberto Pacini, y el de Educaci&oacute;n, Jos&eacute; Rivas, entre otras autoridades.<\/p>\n<p>&nbsp;El Nivel Inicial de la escuela Sim&oacute;n Chaves, un edificio con m&aacute;s de 50 a&ntilde;os de antig&uuml;edad, contaba s&oacute;lo con sala de cinco a&ntilde;os, por lo que necesitaba esta ampliaci&oacute;n edilicia para cubrir las necesidades de este nivel; estos trabajos fueron largamente reclamados por la comunidad educativa de la zona, quienes hoy muestran una gran expectativa por lo que suceder&aacute; en la jornada.<\/p>\n<p>&nbsp;<strong>Detalle de las obras realizadas<\/strong>&nbsp;&nbsp;<\/p>\n<ul>\n<li><strong>&Aacute;REA PEDAG&Oacute;GICA:<\/strong> Sala de Nivel Inicial (4-5 a&ntilde;os) y Patio de Nivel Inicial con juegos para ni&ntilde;os<\/li>\n<li><strong>&Aacute;REA DE SERVICIOS: <\/strong>Sanitario Nivel Inicial con dos boxes diferenciados por sexo, Sanitario para Docentes y Discapacitado, Dep&oacute;sito y Office. <\/li>\n<li><strong>EXPANSI&Oacute;N: <\/strong>Galer&iacute;a<\/li>\n<\/ul>\n<p>&nbsp;Editado por: Paula Morandini<\/p>\n<\/body><\/html>\n","protected":false},"excerpt":{"rendered":"El gobernador Celso Jaque, acompa&ntilde;ado por el ministro de &nbsp;Infraestructura, Francisco P&eacute;rez y el director General de Escuelas, Carlos L&oacute;pez Puelles, inauguraran la sala de Nivel Inicial (4 a&ntilde;os) perteneciente a la escuela 1-281 Sim&oacute;n Chaves, de Lavalle, con esta inauguraci&oacute;n ya son cinco las salas de nivel inicial inauguradas en el &uacute;ltimo mes. &nbsp;De&#8230; <a class=\"view-article\" href=\"https:\/\/www.mendoza.gov.ar\/prensa\/manana-se-inaugura-la-sala-de-nivel-inicial-de-la-escuela-simon-chaves\/\"><\/a>","protected":false},"author":3,"featured_media":0,"comment_status":"closed","ping_status":"open","sticky":false,"template":"","format":"standard","meta":[],"categories":[1],"tags":[],"_links":{"self":[{"href":"https:\/\/www.mendoza.gov.ar\/prensa\/wp-json\/wp\/v2\/posts\/18101"}],"collection":[{"href":"https:\/\/www.mendoza.gov.ar\/prensa\/wp-json\/wp\/v2\/posts"}],"about":[{"href":"https:\/\/www.mendoza.gov.ar\/prensa\/wp-json\/wp\/v2\/types\/post"}],"author":[{"embeddable":true,"href":"https:\/\/www.mendoza.gov.ar\/prensa\/wp-json\/wp\/v2\/users\/3"}],"replies":[{"embeddable":true,"href":"https:\/\/www.mendoza.gov.ar\/prensa\/wp-json\/wp\/v2\/comments?post=18101"}],"version-history":[{"count":0,"href":"https:\/\/www.mendoza.gov.ar\/prensa\/wp-json\/wp\/v2\/posts\/18101\/revisions"}],"wp:attachment":[{"href":"https:\/\/www.mendoza.gov.ar\/prensa\/wp-json\/wp\/v2\/media?parent=18101"}],"wp:term":[{"taxonomy":"category","embeddable":true,"href":"https:\/\/www.mendoza.gov.ar\/prensa\/wp-json\/wp\/v2\/categories?post=18101"},{"taxonomy":"post_tag","embeddable":true,"href":"https:\/\/www.mendoza.gov.ar\/prensa\/wp-json\/wp\/v2\/tags?post=18101"}],"curies":[{"name":"wp","href":"https:\/\/api.w.org\/{rel}","templated":true}]}}