{"id":18105,"date":"2010-06-28T00:00:00","date_gmt":"2010-06-28T00:00:00","guid":{"rendered":"http:\/\/prensa.wp2.mendoza.gov.ar\/?p=18105"},"modified":"2010-06-28T00:00:00","modified_gmt":"2010-06-28T00:00:00","slug":"manana-se-conoceran-las-ofertas-para-construir-la-escuela-de-posta-de-los-medanos-lavalle","status":"publish","type":"post","link":"https:\/\/www.mendoza.gov.ar\/prensa\/manana-se-conoceran-las-ofertas-para-construir-la-escuela-de-posta-de-los-medanos-lavalle\/","title":{"rendered":"MA\u00d1ANA SE CONOCER\u00c1N LAS OFERTAS PARA CONSTRUIR LA ESCUELA DE POSTA DE LOS M\u00c9DANOS, LAVALLE"},"content":{"rendered":"<!DOCTYPE html PUBLIC \"-\/\/W3C\/\/DTD HTML 4.0 Transitional\/\/EN\" \"http:\/\/www.w3.org\/TR\/REC-html40\/loose.dtd\">\n<html><body><p>El subsecretario de Infraestructura Educativa, Roberto Pacini, presidir&aacute; ma&ntilde;ana la apertura de sobres para la licitaci&oacute;n de la construcci&oacute;n de la escuela 1-000 de Posta de los M&eacute;danos, de Lavalle, cuyo presupuesto oficial total asciende a $3.368.165,71.<\/p>\n<p>El plazo de ejecuci&oacute;n de la obra es de 300 d&iacute;as corridos y el nuevo edificio beneficiar&aacute; la escolaridad de al menos 80 alumnos (de Nivel Inicial y Primario) del distrito San Jos&eacute; y zonas aleda&ntilde;as y de gran parte del desierto lavallino.<\/p>\n<p>El acto comenzar&aacute; a las 11 en el Sal&oacute;n de los Acuerdos del s&eacute;ptimo piso de la Casa de Gobierno, donde est&aacute; prevista la presencia del intendente de Lavalle, Roberto Righi.<\/p>\n<p>&ldquo;El gobernador Celso Jaque ha puesto siempre como prioridad a la educaci&oacute;n. Por esta raz&oacute;n es que seguimos llamando a licitaci&oacute;n para la construcci&oacute;n de edificios escolares. En esta oportunidad abriremos los sobres para conocer qu&eacute; empresas est&aacute;n interesadas en hacer realidad la escuela de Posta de los M&eacute;danos, una deuda que ten&iacute;amos pendiente con la gente de Lavalle&rdquo;, se&ntilde;al&oacute; Pacini.<\/p>\n<p>Este nuevo edificio, que cubrir&aacute; 850 metros cuadrados de superficie, tiene como objetivo descomprimir las matr&iacute;culas de los actuales albergues que funcionan en el desierto lavallino y de mejorar notoriamente la calidad educativa de los alumnos.<\/p>\n<p>El terreno donde se enclavar&aacute; la escuela posee los servicios de agua potable y energ&iacute;a el&eacute;ctrica mediante grupos electr&oacute;genos. <\/p>\n<p><strong>Detalles de obra <\/strong><\/p>\n<p>El nuevo edificio contar&aacute; con: tres aulas comunes que ser&aacute;n utilizadas tambi&eacute;n para laboratorio, talleres e inform&aacute;tica, grupos sanitarios divididos por sexo, dos dormitorios y sanitarios para docentes, aula de Nivel Inicial, Sal&oacute;n de Usos M&uacute;ltiples (SUM), comedor, cocina, patio de formaci&oacute;n y recreaci&oacute;n, patio de Nivel Inicial, play&oacute;n deportivo, cisterna y dep&oacute;sito.<\/p>\n<p><\/p>\n<p>Fuente: Prensa Ministerio de Infraestructura<\/p>\n<p>Edici&oacute;n: Sandra Pizarro<\/p>\n<p><\/p>\n<\/body><\/html>\n","protected":false},"excerpt":{"rendered":"El subsecretario de Infraestructura Educativa, Roberto Pacini, presidir&aacute; ma&ntilde;ana la apertura de sobres para la licitaci&oacute;n de la construcci&oacute;n de la escuela 1-000 de Posta de los M&eacute;danos, de Lavalle, cuyo presupuesto oficial total asciende a $3.368.165,71. El plazo de ejecuci&oacute;n de la obra es de 300 d&iacute;as corridos y el nuevo edificio beneficiar&aacute; la&#8230; <a class=\"view-article\" href=\"https:\/\/www.mendoza.gov.ar\/prensa\/manana-se-conoceran-las-ofertas-para-construir-la-escuela-de-posta-de-los-medanos-lavalle\/\"><\/a>","protected":false},"author":3,"featured_media":0,"comment_status":"closed","ping_status":"open","sticky":false,"template":"","format":"standard","meta":[],"categories":[1],"tags":[],"_links":{"self":[{"href":"https:\/\/www.mendoza.gov.ar\/prensa\/wp-json\/wp\/v2\/posts\/18105"}],"collection":[{"href":"https:\/\/www.mendoza.gov.ar\/prensa\/wp-json\/wp\/v2\/posts"}],"about":[{"href":"https:\/\/www.mendoza.gov.ar\/prensa\/wp-json\/wp\/v2\/types\/post"}],"author":[{"embeddable":true,"href":"https:\/\/www.mendoza.gov.ar\/prensa\/wp-json\/wp\/v2\/users\/3"}],"replies":[{"embeddable":true,"href":"https:\/\/www.mendoza.gov.ar\/prensa\/wp-json\/wp\/v2\/comments?post=18105"}],"version-history":[{"count":0,"href":"https:\/\/www.mendoza.gov.ar\/prensa\/wp-json\/wp\/v2\/posts\/18105\/revisions"}],"wp:attachment":[{"href":"https:\/\/www.mendoza.gov.ar\/prensa\/wp-json\/wp\/v2\/media?parent=18105"}],"wp:term":[{"taxonomy":"category","embeddable":true,"href":"https:\/\/www.mendoza.gov.ar\/prensa\/wp-json\/wp\/v2\/categories?post=18105"},{"taxonomy":"post_tag","embeddable":true,"href":"https:\/\/www.mendoza.gov.ar\/prensa\/wp-json\/wp\/v2\/tags?post=18105"}],"curies":[{"name":"wp","href":"https:\/\/api.w.org\/{rel}","templated":true}]}}