{"id":18115,"date":"2010-07-22T00:00:00","date_gmt":"2010-07-22T00:00:00","guid":{"rendered":"http:\/\/prensa.wp2.mendoza.gov.ar\/?p=18115"},"modified":"2010-07-22T00:00:00","modified_gmt":"2010-07-22T00:00:00","slug":"el-gobierno-llamo-a-licitacion-para-la-concesion-del-servicio-del-grupo-02","status":"publish","type":"post","link":"https:\/\/www.mendoza.gov.ar\/prensa\/el-gobierno-llamo-a-licitacion-para-la-concesion-del-servicio-del-grupo-02\/","title":{"rendered":"EL GOBIERNO LLAM\u00d3 A LICITACI\u00d3N PARA LA CONCESI\u00d3N DEL SERVICIO DEL GRUPO 02"},"content":{"rendered":"<!DOCTYPE html PUBLIC \"-\/\/W3C\/\/DTD HTML 4.0 Transitional\/\/EN\" \"http:\/\/www.w3.org\/TR\/REC-html40\/loose.dtd\">\n<html><body><p>El gobierno&nbsp;abrir&aacute; el pr&oacute;ximo 12 de Agosto los sobres de las ofertas para la concesi&oacute;n del servicio que presta el grupo 02. Se trata de una&nbsp; seria llevada a cabo por el ejecutivo provincial para dar&nbsp;soluci&oacute;n a una situaci&oacute;n largamente dilatada.<\/p>\n<p>En Septiembre del 2005 la gesti&oacute;n de Cobos le quita la concesi&oacute;n a la firma Ant&aacute;rtida Argentina quien operaba el servicio, hasta ese momento. En ese entonces se adquieren 126 unidades 0KM compradas en Brasil.<\/p>\n<p>En Diciembre de 2007 cuando se hace cargo la actual gesti&oacute;n, se reciben 26 micros fuera de operaci&oacute;n y 7 de ellos&nbsp; desguasados. Los &nbsp;ex empleados de Ant&aacute;rtica Argentina quedaron, en el r&eacute;gimen privado, bajo el convenio de SIPEMOM (r&eacute;gimen privado) hasta la actualidad.<\/p>\n<p>Ant&aacute;rtida Argentina prestaba el servicio desde el a&ntilde;o 1991, su concesi&oacute;n se terminaba en el 2001. A pesar de esto la empresa sigui&oacute; prestando el servicio hasta el nuevo llamado a licitaci&oacute;n en el a&ntilde;o 2005, fecha en la cual el Gobierno Provincial se hace cargo del grupo 02.<\/p>\n<p>De acuerdo a la ley 7413 se deber&iacute;a haber llamado a licitaci&oacute;n a los 18 meses de haber pasado al Estado, esto no se realiz&oacute; y se fue prorrogando cada 12 meses hasta la fecha.<\/p>\n<p>Actualmente el grupo 02 posee una flota de 69 colectivos que cubren el servicio en horario de invierno y&nbsp; 63 en verano. &Eacute;stos colectivos recorren 23.315 kil&oacute;metros diarios &nbsp;y transportan &nbsp;1.200.000 pasajeros por mes.<\/p>\n<p>Desde Mayo del 2009 dos nuevos recorridos fueron puestos en funcionamiento favoreciendo alrededor de 1500 personas de los Barrios Las Palmeras y Las Violetas.<\/p>\n<p>La nueva concesi&oacute;n deber&aacute; renovar la flota de colectivos y ampliar la frecuencia diaria de estos &oacute;mnibus, como as&iacute; tambi&eacute;n aumentar los recorridos realizados por el grupo.<\/p>\n<p>Actualmente son 207 los empleados que conforman el personal de planta del grupo 02, entre choferes, personal de taller y administrativos, todos ellos seg&uacute;n el pliego licitatorio, &nbsp;deber&aacute;n ser traspasados a la nueva empresa concesionaria del servicio.<\/p>\n<p>Fuente: Prensa Infraestructura<\/p>\n<p>Edici&oacute;n: Eugenia Gentile<\/p>\n<\/body><\/html>\n","protected":false},"excerpt":{"rendered":"El gobierno&nbsp;abrir&aacute; el pr&oacute;ximo 12 de Agosto los sobres de las ofertas para la concesi&oacute;n del servicio que presta el grupo 02. Se trata de una&nbsp; seria llevada a cabo por el ejecutivo provincial para dar&nbsp;soluci&oacute;n a una situaci&oacute;n largamente dilatada. En Septiembre del 2005 la gesti&oacute;n de Cobos le quita la concesi&oacute;n a la&#8230; <a class=\"view-article\" href=\"https:\/\/www.mendoza.gov.ar\/prensa\/el-gobierno-llamo-a-licitacion-para-la-concesion-del-servicio-del-grupo-02\/\"><\/a>","protected":false},"author":3,"featured_media":0,"comment_status":"closed","ping_status":"open","sticky":false,"template":"","format":"standard","meta":[],"categories":[1],"tags":[],"_links":{"self":[{"href":"https:\/\/www.mendoza.gov.ar\/prensa\/wp-json\/wp\/v2\/posts\/18115"}],"collection":[{"href":"https:\/\/www.mendoza.gov.ar\/prensa\/wp-json\/wp\/v2\/posts"}],"about":[{"href":"https:\/\/www.mendoza.gov.ar\/prensa\/wp-json\/wp\/v2\/types\/post"}],"author":[{"embeddable":true,"href":"https:\/\/www.mendoza.gov.ar\/prensa\/wp-json\/wp\/v2\/users\/3"}],"replies":[{"embeddable":true,"href":"https:\/\/www.mendoza.gov.ar\/prensa\/wp-json\/wp\/v2\/comments?post=18115"}],"version-history":[{"count":0,"href":"https:\/\/www.mendoza.gov.ar\/prensa\/wp-json\/wp\/v2\/posts\/18115\/revisions"}],"wp:attachment":[{"href":"https:\/\/www.mendoza.gov.ar\/prensa\/wp-json\/wp\/v2\/media?parent=18115"}],"wp:term":[{"taxonomy":"category","embeddable":true,"href":"https:\/\/www.mendoza.gov.ar\/prensa\/wp-json\/wp\/v2\/categories?post=18115"},{"taxonomy":"post_tag","embeddable":true,"href":"https:\/\/www.mendoza.gov.ar\/prensa\/wp-json\/wp\/v2\/tags?post=18115"}],"curies":[{"name":"wp","href":"https:\/\/api.w.org\/{rel}","templated":true}]}}