{"id":18117,"date":"2010-07-26T00:00:00","date_gmt":"2010-07-26T00:00:00","guid":{"rendered":"http:\/\/prensa.wp2.mendoza.gov.ar\/?p=18117"},"modified":"2010-07-26T00:00:00","modified_gmt":"2010-07-26T00:00:00","slug":"ampliaran-mas-de-12-kilometros-del-recorrido-de-los-troles-en-guaymallen","status":"publish","type":"post","link":"https:\/\/www.mendoza.gov.ar\/prensa\/ampliaran-mas-de-12-kilometros-del-recorrido-de-los-troles-en-guaymallen\/","title":{"rendered":"AMPLIAR\u00c1N M\u00c1S DE 12 KIL\u00d3METROS DEL RECORRIDO DE LOS TROLES EN GUAYMALL\u00c9N"},"content":{"rendered":"<!DOCTYPE html PUBLIC \"-\/\/W3C\/\/DTD HTML 4.0 Transitional\/\/EN\" \"http:\/\/www.w3.org\/TR\/REC-html40\/loose.dtd\">\n<html><body><p>El ministro de Infraestructura, Transporte y Vivienda, Francisco P&eacute;rez &nbsp;anunci&oacute; hoy que el Gobierno llamar&aacute; a licitaci&oacute;n para la compra de transformadores para ampliar 9 kil&oacute;metros del recorrido del Trole Dorrego y 3,5 kil&oacute;metros del Trole Villa Nueva.<\/p>\n<p>P&eacute;rez detall&oacute; que &ldquo;en Villa Nueva la ampliaci&oacute;n arranca en Bandera de los Andes y Alberdi sigue por Godoy Cruz, retoma Bandera y vuelve a Alberdi, mientras que en &nbsp;Dorrego comienza en Dorrego y Darwin atraviesa las calles R&iacute;o cuarto, Palmira Lavalleja &nbsp;y vuelve a Darwin&rdquo;.<\/p>\n<p>Para realizar esta extensi&oacute;n del servicio no se necesitar&aacute;n nuevas unidades de transporte ya que, seg&uacute;n asegur&oacute; el funcionario, &ldquo;hay un parque automotor disponible para estos recorridos y para ampliar las frecuencias, que son las unidades que se compraron a Canad&aacute;&rdquo;.<\/p>\n<p>La compra de transformadores se har&aacute; por licitaci&oacute;n p&uacute;blica mientras que el tendido el&eacute;ctrico y la colocaci&oacute;n de las columnas lo realizar&aacute; la administraci&oacute;n de la Empresa Provincial de Transporte de Mendoza (EPTM).&nbsp;&nbsp;<\/p>\n\n<p>Fuente: Prensa Gobernaci&oacute;n <\/p>\n<\/body><\/html>\n","protected":false},"excerpt":{"rendered":"El ministro de Infraestructura, Transporte y Vivienda, Francisco P&eacute;rez &nbsp;anunci&oacute; hoy que el Gobierno llamar&aacute; a licitaci&oacute;n para la compra de transformadores para ampliar 9 kil&oacute;metros del recorrido del Trole Dorrego y 3,5 kil&oacute;metros del Trole Villa Nueva. P&eacute;rez detall&oacute; que &ldquo;en Villa Nueva la ampliaci&oacute;n arranca en Bandera de los Andes y Alberdi sigue&#8230; <a class=\"view-article\" href=\"https:\/\/www.mendoza.gov.ar\/prensa\/ampliaran-mas-de-12-kilometros-del-recorrido-de-los-troles-en-guaymallen\/\"><\/a>","protected":false},"author":3,"featured_media":0,"comment_status":"closed","ping_status":"open","sticky":false,"template":"","format":"standard","meta":[],"categories":[1],"tags":[],"_links":{"self":[{"href":"https:\/\/www.mendoza.gov.ar\/prensa\/wp-json\/wp\/v2\/posts\/18117"}],"collection":[{"href":"https:\/\/www.mendoza.gov.ar\/prensa\/wp-json\/wp\/v2\/posts"}],"about":[{"href":"https:\/\/www.mendoza.gov.ar\/prensa\/wp-json\/wp\/v2\/types\/post"}],"author":[{"embeddable":true,"href":"https:\/\/www.mendoza.gov.ar\/prensa\/wp-json\/wp\/v2\/users\/3"}],"replies":[{"embeddable":true,"href":"https:\/\/www.mendoza.gov.ar\/prensa\/wp-json\/wp\/v2\/comments?post=18117"}],"version-history":[{"count":0,"href":"https:\/\/www.mendoza.gov.ar\/prensa\/wp-json\/wp\/v2\/posts\/18117\/revisions"}],"wp:attachment":[{"href":"https:\/\/www.mendoza.gov.ar\/prensa\/wp-json\/wp\/v2\/media?parent=18117"}],"wp:term":[{"taxonomy":"category","embeddable":true,"href":"https:\/\/www.mendoza.gov.ar\/prensa\/wp-json\/wp\/v2\/categories?post=18117"},{"taxonomy":"post_tag","embeddable":true,"href":"https:\/\/www.mendoza.gov.ar\/prensa\/wp-json\/wp\/v2\/tags?post=18117"}],"curies":[{"name":"wp","href":"https:\/\/api.w.org\/{rel}","templated":true}]}}