{"id":18121,"date":"2010-08-03T00:00:00","date_gmt":"2010-08-03T00:00:00","guid":{"rendered":"http:\/\/prensa.wp2.mendoza.gov.ar\/?p=18121"},"modified":"2010-08-03T00:00:00","modified_gmt":"2010-08-03T00:00:00","slug":"el-frio-provoco-la-suspension-de-las-clases-en-23-escuelas","status":"publish","type":"post","link":"https:\/\/www.mendoza.gov.ar\/prensa\/el-frio-provoco-la-suspension-de-las-clases-en-23-escuelas\/","title":{"rendered":"EL FR\u00cdO PROVOC\u00d3 LA SUSPENSI\u00d3N DE LAS CLASES EN 23 ESCUELAS"},"content":{"rendered":"<!DOCTYPE html PUBLIC \"-\/\/W3C\/\/DTD HTML 4.0 Transitional\/\/EN\" \"http:\/\/www.w3.org\/TR\/REC-html40\/loose.dtd\">\n<html><body><p>El intenso fr&iacute;o reinante en toda la provincia ha provocado la suspensi&oacute;n de clases en 23 escuelas de los distintos niveles educativos. La nieve, el congelamiento de ca&ntilde;er&iacute;as de agua y en algunos casos la falta de gas en los tanques zeppel&iacute;n posibilitaron que los directivos decidieran cortar eventualmente las actividades en los establecimientos.<\/p>\n<p>Las zonas m&aacute;s afectadas por las g&eacute;lidas temperaturas son el Sur, el Valle de Uco, Luj&aacute;n de Cuyo y la alta monta&ntilde;a.<\/p>\n<p>En San Rafael y Malarg&uuml;e hay cinco escuelas con falta de gas licuado, debido a una demora en la entrega del fluido por parte de la empresa YPF Gas, encargada de la recarga de los tanques zeppel&iacute;n en todos los edificios educativos de la provincia. Se trata de la Sin Nombre, de La Guevarina, Rafael Guevara, Petroleros del Sur, 25 de Mayo y la Mart&iacute;n Palero.<\/p>\n<p>Por su parte, en el Valle de Uco hay una escuela con faltante de gas licuado (Dagoberto Vega) y diez que suspendieron las actividades a ra&iacute;z de las intensas nevadas registradas en la zona. Los establecimientos afectados son la R&iacute;o Tunuy&aacute;n, la Fuerte San Carlos, Lindor Castillo, Gonz&aacute;lez Ozo, Mario Greco, Lucila Bombal, Vicente Gil, R&iacute;o Negro, Luis Piedrabuena y la Garc&iacute;a del R&iacute;o.<\/p>\n<p>En el Este, en tanto, s&oacute;lo el albergue 8-704 Andr&eacute;s Rodr&iacute;guez padece de la falta de gas licuado.<\/p>\n<p>Por &uacute;ltimo, en Luj&aacute;n de Cuyo y la alta monta&ntilde;a hay seis escuelas donde se congelaron las ca&ntilde;er&iacute;as de agua. Se trata de la Agua de las Avispas, la 6-054 Sin Nombre, Crist&oacute;bal Col&oacute;n, Ej&eacute;rcito Libertador, Correa Salinas y la Mar&iacute;a Luisa Duhagon.<\/p>\n<p><strong>Asimismo, desde la DGE aseguraron que en el resto de las escuelas de la provincia el dictado de clases es normal.<\/strong><\/p>\n<\/body><\/html>\n","protected":false},"excerpt":{"rendered":"El intenso fr&iacute;o reinante en toda la provincia ha provocado la suspensi&oacute;n de clases en 23 escuelas de los distintos niveles educativos. La nieve, el congelamiento de ca&ntilde;er&iacute;as de agua y en algunos casos la falta de gas en los tanques zeppel&iacute;n posibilitaron que los directivos decidieran cortar eventualmente las actividades en los establecimientos. Las&#8230; <a class=\"view-article\" href=\"https:\/\/www.mendoza.gov.ar\/prensa\/el-frio-provoco-la-suspension-de-las-clases-en-23-escuelas\/\"><\/a>","protected":false},"author":3,"featured_media":0,"comment_status":"closed","ping_status":"open","sticky":false,"template":"","format":"standard","meta":[],"categories":[1],"tags":[],"_links":{"self":[{"href":"https:\/\/www.mendoza.gov.ar\/prensa\/wp-json\/wp\/v2\/posts\/18121"}],"collection":[{"href":"https:\/\/www.mendoza.gov.ar\/prensa\/wp-json\/wp\/v2\/posts"}],"about":[{"href":"https:\/\/www.mendoza.gov.ar\/prensa\/wp-json\/wp\/v2\/types\/post"}],"author":[{"embeddable":true,"href":"https:\/\/www.mendoza.gov.ar\/prensa\/wp-json\/wp\/v2\/users\/3"}],"replies":[{"embeddable":true,"href":"https:\/\/www.mendoza.gov.ar\/prensa\/wp-json\/wp\/v2\/comments?post=18121"}],"version-history":[{"count":0,"href":"https:\/\/www.mendoza.gov.ar\/prensa\/wp-json\/wp\/v2\/posts\/18121\/revisions"}],"wp:attachment":[{"href":"https:\/\/www.mendoza.gov.ar\/prensa\/wp-json\/wp\/v2\/media?parent=18121"}],"wp:term":[{"taxonomy":"category","embeddable":true,"href":"https:\/\/www.mendoza.gov.ar\/prensa\/wp-json\/wp\/v2\/categories?post=18121"},{"taxonomy":"post_tag","embeddable":true,"href":"https:\/\/www.mendoza.gov.ar\/prensa\/wp-json\/wp\/v2\/tags?post=18121"}],"curies":[{"name":"wp","href":"https:\/\/api.w.org\/{rel}","templated":true}]}}