{"id":18180,"date":"2010-09-22T00:00:00","date_gmt":"2010-09-22T00:00:00","guid":{"rendered":"http:\/\/prensa.wp2.mendoza.gov.ar\/?p=18180"},"modified":"2010-09-22T00:00:00","modified_gmt":"2010-09-22T00:00:00","slug":"manana-se-realizara-la-jornada-sobre-tarifa-electrica-social","status":"publish","type":"post","link":"https:\/\/www.mendoza.gov.ar\/prensa\/manana-se-realizara-la-jornada-sobre-tarifa-electrica-social\/","title":{"rendered":"MA\u00d1ANA SE REALIZAR\u00c1 LA JORNADA SOBRE TARIFA EL\u00c9CTRICA SOCIAL"},"content":{"rendered":"<!DOCTYPE html PUBLIC \"-\/\/W3C\/\/DTD HTML 4.0 Transitional\/\/EN\" \"http:\/\/www.w3.org\/TR\/REC-html40\/loose.dtd\">\n<html><body><p>Ma&ntilde;ana desde las 8.30 y hasta las 18.00hs el sal&oacute;n Mercedario del Casino de Oficiales (San Mart&iacute;n 556 de Ciudad) ser&aacute; la sede de encuentro para todos aquellas personas u organismos interesados en identificar los problemas y las posibles soluciones en torno a la normalizaci&oacute;n de instalaciones el&eacute;ctricas para hogares de bajos recursos.<\/p>\n<p>De este modo municipios, distribuidoras el&eacute;ctricas, organizaciones de consumidores y uniones vecinales debatir&aacute;n y compartir&aacute;n sus experiencias en torno a la problem&aacute;tica de la tarifa social.<\/p>\n<p>La jornada estar&aacute; abierta a todo p&uacute;blico y es totalmente gratuita. Las inscripciones y acreditaciones se realizar&aacute;n desde las 8.30 en el Casino de Oficiales ubicado en San Mart&iacute;n 556 de Ciudad.<\/p>\n<\/body><\/html>\n","protected":false},"excerpt":{"rendered":"Ma&ntilde;ana desde las 8.30 y hasta las 18.00hs el sal&oacute;n Mercedario del Casino de Oficiales (San Mart&iacute;n 556 de Ciudad) ser&aacute; la sede de encuentro para todos aquellas personas u organismos interesados en identificar los problemas y las posibles soluciones en torno a la normalizaci&oacute;n de instalaciones el&eacute;ctricas para hogares de bajos recursos. De este&#8230; <a class=\"view-article\" href=\"https:\/\/www.mendoza.gov.ar\/prensa\/manana-se-realizara-la-jornada-sobre-tarifa-electrica-social\/\"><\/a>","protected":false},"author":3,"featured_media":0,"comment_status":"closed","ping_status":"open","sticky":false,"template":"","format":"standard","meta":[],"categories":[1],"tags":[],"_links":{"self":[{"href":"https:\/\/www.mendoza.gov.ar\/prensa\/wp-json\/wp\/v2\/posts\/18180"}],"collection":[{"href":"https:\/\/www.mendoza.gov.ar\/prensa\/wp-json\/wp\/v2\/posts"}],"about":[{"href":"https:\/\/www.mendoza.gov.ar\/prensa\/wp-json\/wp\/v2\/types\/post"}],"author":[{"embeddable":true,"href":"https:\/\/www.mendoza.gov.ar\/prensa\/wp-json\/wp\/v2\/users\/3"}],"replies":[{"embeddable":true,"href":"https:\/\/www.mendoza.gov.ar\/prensa\/wp-json\/wp\/v2\/comments?post=18180"}],"version-history":[{"count":0,"href":"https:\/\/www.mendoza.gov.ar\/prensa\/wp-json\/wp\/v2\/posts\/18180\/revisions"}],"wp:attachment":[{"href":"https:\/\/www.mendoza.gov.ar\/prensa\/wp-json\/wp\/v2\/media?parent=18180"}],"wp:term":[{"taxonomy":"category","embeddable":true,"href":"https:\/\/www.mendoza.gov.ar\/prensa\/wp-json\/wp\/v2\/categories?post=18180"},{"taxonomy":"post_tag","embeddable":true,"href":"https:\/\/www.mendoza.gov.ar\/prensa\/wp-json\/wp\/v2\/tags?post=18180"}],"curies":[{"name":"wp","href":"https:\/\/api.w.org\/{rel}","templated":true}]}}