{"id":18369,"date":"2010-04-16T00:00:00","date_gmt":"2010-04-16T00:00:00","guid":{"rendered":"http:\/\/prensa.wp2.mendoza.gov.ar\/?p=18369"},"modified":"2010-04-16T00:00:00","modified_gmt":"2010-04-16T00:00:00","slug":"el-ministro-de-produccion-raul-mercau-participo-en-la-reunion-del-consejo-federal-agropecuario","status":"publish","type":"post","link":"https:\/\/www.mendoza.gov.ar\/prensa\/el-ministro-de-produccion-raul-mercau-participo-en-la-reunion-del-consejo-federal-agropecuario\/","title":{"rendered":"EL MINISTRO DE PRODUCCI\u00d3N, RA\u00daL MERCAU, PARTICIP\u00d3 EN LA REUNI\u00d3N DEL CONSEJO FEDERAL AGROPECUARIO"},"content":{"rendered":"<!DOCTYPE html PUBLIC \"-\/\/W3C\/\/DTD HTML 4.0 Transitional\/\/EN\" \"http:\/\/www.w3.org\/TR\/REC-html40\/loose.dtd\">\n<html><body><p>Con el ministro de Agricultura, Ganader&iacute;a y Pesca de la Naci&oacute;n, Juli&aacute;n Dom&iacute;nguez, se realiz&oacute; la reuni&oacute;n del Consejo Federal Agropecuario en Rosario, con la presencia de los titulares del &aacute;rea productiva de las provincias y miembros del gabinete del funcionario nacional. Por Mendoza participaron el ministro de Producci&oacute;n, Ra&uacute;l Mercau, y el subsecretario de Programaci&oacute;n Agroalimentaria, Ra&uacute;l Mill&aacute;n. <\/p>\n<p>El Consejo constituye un foro natural de concertaci&oacute;n de pol&iacute;ticas para ese sector y re&uacute;ne a las autoridades provinciales en materia agropecuaria, bajo la presidencia del titular de Agricultura, Ganader&iacute;a, Pesca y Alimentaci&oacute;n de la Naci&oacute;n.<\/p>\n<p>En la primera etapa de la reuni&oacute;n, que se realiz&oacute; ayer, t&eacute;cnicos del Ministerio de Agricultura expusieron fundamentos ideol&oacute;gicos, conceptuales y metodol&oacute;gicos del Plan Estrat&eacute;gico Agroalimentario y Agroindustrial proyectado por el Gobierno nacional para el per&iacute;odo 2010-2016.<\/p>\n<p>El Consejo Federal Agropecuario es un organismo de asesoramiento y consulta del Poder Ejecutivo en todas aquellas cuestiones atinentes al sector agropecuario que as&iacute; lo requieran, por su impacto en las econom&iacute;as regionales y provinciales.<\/p>\n<p>En ese marco, Mercau firm&oacute; una carta intenci&oacute;n con la Naci&oacute;n, que contratar&aacute; a cuatro expertos que participar&aacute;n en la elaboraci&oacute;n del plan agropecuario provincial que est&aacute; realizando en Mendoza. &Eacute;ste quedar&aacute; totalmente definido en los pr&oacute;ximos meses.<\/p>\n<p>En la segunda etapa de la reuni&oacute;n se present&oacute; el Plan Ganadero Nacional, junto al plan ganadero de Mendoza, que va a formar parte de aqu&eacute;l, coordinando acciones y estrategias. <\/p>\n<p>En la &uacute;ltima etapa se plantearon temas regionales, como el tratamiento de la &ldquo;Lobesia botrana&rdquo;, m&aacute;s conocida como la polilla de la uva, y la distribuci&oacute;n de las retenciones vitivin&iacute;colas 2010.  En cuanto al tema de plagas, la Provincia plante&oacute; la necesidad de contar con m&aacute;s financiamiento para su erradicaci&oacute;n.<\/p>\n<p><strong>Fuente:<\/strong> Prensa Ministerio de Producci&oacute;n<\/p>\n<p><strong>Edici&oacute;n: <\/strong>Gabriel Espejo<\/p>\n<\/body><\/html>\n","protected":false},"excerpt":{"rendered":"Con el ministro de Agricultura, Ganader&iacute;a y Pesca de la Naci&oacute;n, Juli&aacute;n Dom&iacute;nguez, se realiz&oacute; la reuni&oacute;n del Consejo Federal Agropecuario en Rosario, con la presencia de los titulares del &aacute;rea productiva de las provincias y miembros del gabinete del funcionario nacional. Por Mendoza participaron el ministro de Producci&oacute;n, Ra&uacute;l Mercau, y el subsecretario de&#8230; <a class=\"view-article\" href=\"https:\/\/www.mendoza.gov.ar\/prensa\/el-ministro-de-produccion-raul-mercau-participo-en-la-reunion-del-consejo-federal-agropecuario\/\"><\/a>","protected":false},"author":3,"featured_media":0,"comment_status":"closed","ping_status":"open","sticky":false,"template":"","format":"standard","meta":[],"categories":[12],"tags":[],"_links":{"self":[{"href":"https:\/\/www.mendoza.gov.ar\/prensa\/wp-json\/wp\/v2\/posts\/18369"}],"collection":[{"href":"https:\/\/www.mendoza.gov.ar\/prensa\/wp-json\/wp\/v2\/posts"}],"about":[{"href":"https:\/\/www.mendoza.gov.ar\/prensa\/wp-json\/wp\/v2\/types\/post"}],"author":[{"embeddable":true,"href":"https:\/\/www.mendoza.gov.ar\/prensa\/wp-json\/wp\/v2\/users\/3"}],"replies":[{"embeddable":true,"href":"https:\/\/www.mendoza.gov.ar\/prensa\/wp-json\/wp\/v2\/comments?post=18369"}],"version-history":[{"count":0,"href":"https:\/\/www.mendoza.gov.ar\/prensa\/wp-json\/wp\/v2\/posts\/18369\/revisions"}],"wp:attachment":[{"href":"https:\/\/www.mendoza.gov.ar\/prensa\/wp-json\/wp\/v2\/media?parent=18369"}],"wp:term":[{"taxonomy":"category","embeddable":true,"href":"https:\/\/www.mendoza.gov.ar\/prensa\/wp-json\/wp\/v2\/categories?post=18369"},{"taxonomy":"post_tag","embeddable":true,"href":"https:\/\/www.mendoza.gov.ar\/prensa\/wp-json\/wp\/v2\/tags?post=18369"}],"curies":[{"name":"wp","href":"https:\/\/api.w.org\/{rel}","templated":true}]}}