{"id":18371,"date":"2010-04-21T00:00:00","date_gmt":"2010-04-21T00:00:00","guid":{"rendered":"http:\/\/prensa.wp2.mendoza.gov.ar\/?p=18371"},"modified":"2010-04-21T00:00:00","modified_gmt":"2010-04-21T00:00:00","slug":"el-hospital-espanol-de-san-rafael-recibira-un-credito-del-fondo-para-la-transformacion-para-mejoras","status":"publish","type":"post","link":"https:\/\/www.mendoza.gov.ar\/prensa\/el-hospital-espanol-de-san-rafael-recibira-un-credito-del-fondo-para-la-transformacion-para-mejoras\/","title":{"rendered":"EL HOSPITAL ESPA\u00d1OL DE SAN RAFAEL RECIBIR\u00c1 UN CR\u00c9DITO DEL FONDO PARA LA TRANSFORMACI\u00d3N PARA MEJORAS"},"content":{"rendered":"<!DOCTYPE html PUBLIC \"-\/\/W3C\/\/DTD HTML 4.0 Transitional\/\/EN\" \"http:\/\/www.w3.org\/TR\/REC-html40\/loose.dtd\">\n<html><body><p>El Hospital Espa&ntilde;ol de San Rafael obtuvo la aprobaci&oacute;n para recibir un cr&eacute;dito de $1.725.000 de parte del Fondo para la Transformaci&oacute;n y el Crecimiento, destinado a remodelar su infraestructura y refuncionalizar las &aacute;reas de su edificio.<\/p>\n<p>El contrato para efectivizar la entrega del pr&eacute;stamo se firmar&aacute; ma&ntilde;ana, a las 9, en el hospital (Libertador 950 de la ciudad de San Rafael), con la presencia del gobernador Celso Jaque, el director del Fondo, Jos&eacute; Luis &Aacute;lvarez, y el presidente de la entidad beneficiada, Alberto Fola. <\/p>\n<p>Adem&aacute;s, los funcionarios har&aacute;n una recorrida por las instalaciones y observar las obras que ya se han comenzado.<\/p>\n<p>El cr&eacute;dito se enmarca en la l&iacute;nea de inversi&oacute;n en pesos, que contempla financiamiento a cinco a&ntilde;os y con una tasa del 9,425% (el 50% de la TNA del Banco Naci&oacute;n). <\/p>\n<p>Los fondos ser&aacute;n destinados a la remodelar todos los sectores del hospital, especialmente los de la guardia, los quir&oacute;fanos y de circulaci&oacute;n interna del personal de esas &aacute;reas.<\/p>\n<p><strong>Fuente: <\/strong>Prensa Ministerio de Producci&oacute;n, Tecnolog&iacute;a e Innovaci&oacute;n<\/p>\n<p><strong>Edici&oacute;n: <\/strong>Gabriel Espejo<\/p>\n<\/body><\/html>\n","protected":false},"excerpt":{"rendered":"El Hospital Espa&ntilde;ol de San Rafael obtuvo la aprobaci&oacute;n para recibir un cr&eacute;dito de $1.725.000 de parte del Fondo para la Transformaci&oacute;n y el Crecimiento, destinado a remodelar su infraestructura y refuncionalizar las &aacute;reas de su edificio. El contrato para efectivizar la entrega del pr&eacute;stamo se firmar&aacute; ma&ntilde;ana, a las 9, en el hospital (Libertador&#8230; <a class=\"view-article\" href=\"https:\/\/www.mendoza.gov.ar\/prensa\/el-hospital-espanol-de-san-rafael-recibira-un-credito-del-fondo-para-la-transformacion-para-mejoras\/\"><\/a>","protected":false},"author":3,"featured_media":0,"comment_status":"closed","ping_status":"open","sticky":false,"template":"","format":"standard","meta":[],"categories":[12],"tags":[],"_links":{"self":[{"href":"https:\/\/www.mendoza.gov.ar\/prensa\/wp-json\/wp\/v2\/posts\/18371"}],"collection":[{"href":"https:\/\/www.mendoza.gov.ar\/prensa\/wp-json\/wp\/v2\/posts"}],"about":[{"href":"https:\/\/www.mendoza.gov.ar\/prensa\/wp-json\/wp\/v2\/types\/post"}],"author":[{"embeddable":true,"href":"https:\/\/www.mendoza.gov.ar\/prensa\/wp-json\/wp\/v2\/users\/3"}],"replies":[{"embeddable":true,"href":"https:\/\/www.mendoza.gov.ar\/prensa\/wp-json\/wp\/v2\/comments?post=18371"}],"version-history":[{"count":0,"href":"https:\/\/www.mendoza.gov.ar\/prensa\/wp-json\/wp\/v2\/posts\/18371\/revisions"}],"wp:attachment":[{"href":"https:\/\/www.mendoza.gov.ar\/prensa\/wp-json\/wp\/v2\/media?parent=18371"}],"wp:term":[{"taxonomy":"category","embeddable":true,"href":"https:\/\/www.mendoza.gov.ar\/prensa\/wp-json\/wp\/v2\/categories?post=18371"},{"taxonomy":"post_tag","embeddable":true,"href":"https:\/\/www.mendoza.gov.ar\/prensa\/wp-json\/wp\/v2\/tags?post=18371"}],"curies":[{"name":"wp","href":"https:\/\/api.w.org\/{rel}","templated":true}]}}