{"id":18382,"date":"2010-04-30T00:00:00","date_gmt":"2010-04-30T00:00:00","guid":{"rendered":"http:\/\/prensa.wp2.mendoza.gov.ar\/?p=18382"},"modified":"2010-04-30T00:00:00","modified_gmt":"2010-04-30T00:00:00","slug":"se-realizo-en-lavalle-reunion-con-productores-sobre-creditos-para-el-agro","status":"publish","type":"post","link":"https:\/\/www.mendoza.gov.ar\/prensa\/se-realizo-en-lavalle-reunion-con-productores-sobre-creditos-para-el-agro\/","title":{"rendered":"SE REALIZ\u00d3 EN LAVALLE REUNI\u00d3N CON PRODUCTORES SOBRE CR\u00c9DITOS PARA EL AGRO"},"content":{"rendered":"<!DOCTYPE html PUBLIC \"-\/\/W3C\/\/DTD HTML 4.0 Transitional\/\/EN\" \"http:\/\/www.w3.org\/TR\/REC-html40\/loose.dtd\">\n<html><body><p>En el encuentro, que se realiz&oacute; el jueves en la noche en el CEIL, junto con Ra&uacute;l Mecau y Jos&eacute; Luis &Aacute;lvarez, estuvo presente el intendente de Lavalle, Roberto Righi, quien alent&oacute; a los productores a acercarse al FTyC para informarse sobre las l&iacute;neas disponibles y alentar el desarrollo productivo del departamento.<\/p>\n<p>Las principales consultas de los productores estuvieron relacionadas a las l&iacute;neas de cr&eacute;dito para malla antigranizo y de las garant&iacute;as que se necesitan para pedir financiamiento.<\/p>\n<p>&Aacute;lvarez explic&oacute; que la l&iacute;nea de malla antigranizo para peque&ntilde;os productores (hasta 2 hect&aacute;reas a tasa 0) les permite proteger su producci&oacute;n a muy bajo costo, una oportunidad para prevenir la destrucci&oacute;n de sus cultivos.<\/p>\n<p>El director del FTyC inform&oacute; tambi&eacute;n sobre los beneficios que tienen los productores que sufrieron da&ntilde;os en sus cultivos, que se enmarcan en la emergencia agropecuaria y que se encuentren integrados.<\/p>\n<p>Por su parte, Mercau invit&oacute; a los productores a consultar sobre todas las posibilidades que ofrece el Gobierno de Mendoza para financiar sus proyectos productivos.<\/p>\n<p><\/p>\n<p>Editado por: Paula Morandini<\/p>\n<\/body><\/html>\n","protected":false},"excerpt":{"rendered":"En el encuentro, que se realiz&oacute; el jueves en la noche en el CEIL, junto con Ra&uacute;l Mecau y Jos&eacute; Luis &Aacute;lvarez, estuvo presente el intendente de Lavalle, Roberto Righi, quien alent&oacute; a los productores a acercarse al FTyC para informarse sobre las l&iacute;neas disponibles y alentar el desarrollo productivo del departamento. Las principales consultas&#8230; <a class=\"view-article\" href=\"https:\/\/www.mendoza.gov.ar\/prensa\/se-realizo-en-lavalle-reunion-con-productores-sobre-creditos-para-el-agro\/\"><\/a>","protected":false},"author":3,"featured_media":0,"comment_status":"closed","ping_status":"open","sticky":false,"template":"","format":"standard","meta":[],"categories":[12],"tags":[],"_links":{"self":[{"href":"https:\/\/www.mendoza.gov.ar\/prensa\/wp-json\/wp\/v2\/posts\/18382"}],"collection":[{"href":"https:\/\/www.mendoza.gov.ar\/prensa\/wp-json\/wp\/v2\/posts"}],"about":[{"href":"https:\/\/www.mendoza.gov.ar\/prensa\/wp-json\/wp\/v2\/types\/post"}],"author":[{"embeddable":true,"href":"https:\/\/www.mendoza.gov.ar\/prensa\/wp-json\/wp\/v2\/users\/3"}],"replies":[{"embeddable":true,"href":"https:\/\/www.mendoza.gov.ar\/prensa\/wp-json\/wp\/v2\/comments?post=18382"}],"version-history":[{"count":0,"href":"https:\/\/www.mendoza.gov.ar\/prensa\/wp-json\/wp\/v2\/posts\/18382\/revisions"}],"wp:attachment":[{"href":"https:\/\/www.mendoza.gov.ar\/prensa\/wp-json\/wp\/v2\/media?parent=18382"}],"wp:term":[{"taxonomy":"category","embeddable":true,"href":"https:\/\/www.mendoza.gov.ar\/prensa\/wp-json\/wp\/v2\/categories?post=18382"},{"taxonomy":"post_tag","embeddable":true,"href":"https:\/\/www.mendoza.gov.ar\/prensa\/wp-json\/wp\/v2\/tags?post=18382"}],"curies":[{"name":"wp","href":"https:\/\/api.w.org\/{rel}","templated":true}]}}