{"id":18416,"date":"2010-05-27T00:00:00","date_gmt":"2010-05-27T00:00:00","guid":{"rendered":"http:\/\/prensa.wp2.mendoza.gov.ar\/?p=18416"},"modified":"2010-05-27T00:00:00","modified_gmt":"2010-05-27T00:00:00","slug":"mendoza-marca-presencia-en-el-salon-internacional-de-tecnologia-vitivinicola-y-arboricola-2010","status":"publish","type":"post","link":"https:\/\/www.mendoza.gov.ar\/prensa\/mendoza-marca-presencia-en-el-salon-internacional-de-tecnologia-vitivinicola-y-arboricola-2010\/","title":{"rendered":"MENDOZA MARCA PRESENCIA EN EL SAL\u00d3N INTERNACIONAL DE TECNOLOG\u00cdA VITIVIN\u00cdCOLA Y ARBOR\u00cdCOLA 2010"},"content":{"rendered":"<!DOCTYPE html PUBLIC \"-\/\/W3C\/\/DTD HTML 4.0 Transitional\/\/EN\" \"http:\/\/www.w3.org\/TR\/REC-html40\/loose.dtd\">\n<html><body><p>Con un stand de 158 metros cuadrados, el Gobierno de Mendoza, a trav&eacute;s de ProMendoza, nuclea la participaci&oacute;n de dise&ntilde;adores, gr&aacute;ficos, madereros, productores de tecnolog&iacute;a de la informaci&oacute;n y la comunicaci&oacute;n (TIC), y empresas del sector de la maquinaria vitivin&iacute;cola en el Sal&oacute;n Internacional de Tecnolog&iacute;a Vitivin&iacute;cola y Arbor&iacute;cola (Sitevi) Mercosur 2010. <\/p>\n<p>En ese marco, desde ayer, en el Predio Ferial de la Uni&oacute;n Comercial e Industrial de Mendoza (UCIM), en el parque General San Mart&iacute;n de Ciudad, empresarios locales del sector de maquinaria, equipos y servicios para la industria vitivin&iacute;cola exponen sus productos para lograr contactos comerciales en el corto plazo. <\/p>\n<p>Esta edici&oacute;n del Sitevi, que concluir&aacute; el viernes, cuenta con 350 expositores, importadores y empresarios de Am&eacute;rica, Europa y &Aacute;frica. <\/p>\n<p>En la apertura oficial estuvo presente el gabinete de ministros provincial, resaltando as&iacute; el apoyo del Gobierno a las acciones promocionales realizadas en la feria. En este sentido, el ministro de Producci&oacute;n, Tecnolog&iacute;a e Innovaci&oacute;n, Ra&uacute;l Mercau, se&ntilde;al&oacute; que, en estos  a&ntilde;os, el vino argentino ha logrado posicionarse en el mundo entero y que particularmente el Malbec logr&oacute; representar a Mendoza con excelencia en diferentes mercados. <\/p>\n<p>&ldquo;Sin embargo, la feria Sitevi es mucho m&aacute;s que un varietal: significa la conquista de la competitividad que logr&oacute; nuestra vitivinicultura&rdquo;, explic&oacute; el funcionario. <\/p>\n<p>Para esta edici&oacute;n, los organizadores esperan aumentar el n&uacute;mero de visitantes de la feria, que en el 2008 super&oacute; los 16.500 asistentes. <\/p>\n<p><strong>Apoyo a empresas locales<\/strong> <\/p>\n<p>En su esfuerzo por potenciar las empresas provinciales y sus servicios en el exterior, la fundaci&oacute;n ProMendoza coordin&oacute; la presencia de diferentes sectores relacionados con la industria del vino, dentro del stand provincial. <\/p>\n<p>&ldquo;Esta acci&oacute;n realizada a trav&eacute;s de ProMendoza demuestra la voluntad del Gobierno de apoyar a los diferentes sectores productivos de la provincia&rdquo;, destac&oacute; Mercau. <\/p>\n<p>As&iacute;, se destinaron espacios para la presentaci&oacute;n de la Asociaci&oacute;n de Empresarios Madereros y Afines (Adema) y empresas TIC, as&iacute; como tambi&eacute;n gr&aacute;ficas, coordinadas estas &uacute;ltimas por el Instituto de Desarrollo Industrial, Tecnol&oacute;gico y de Servicios (IDITS). <\/p>\n<p>&ldquo;El evento est&aacute; muy bien organizado y nos permite darnos a conocer. Aunque no consigui&eacute;ramos contactos, el s&oacute;lo estar presente ya nos sirve, nos posiciona a futuro&rdquo;, explic&oacute; al respecto Leonardo Cereda, de Maderas Don &Aacute;ngel. <\/p>\n<p>Asimismo, los expositores del stand dispuesto por ProMendoza se&ntilde;alaron que, si bien no hab&iacute;an participado en ediciones anteriores de la feria, con la experiencia de este a&ntilde;o est&aacute;n motivados a presentarse en el futuro. <\/p>\n<p>Por otra parte, y continuando con las acciones emprendidas para la promoci&oacute;n del dise&ntilde;o local en el extranjero, a trav&eacute;s de las ferias internacionales Vinitaly (Italia) y Packaging Barcelona (Espa&ntilde;a), ocho dise&ntilde;adores nucleados bajo los nombres Mendoza Design y Wine Design les est&aacute;n ofreciendo a los compradores una variada oferta relacionada con el empaque y el dise&ntilde;o de etiquetas para el vino. <\/p>\n<p>En cuanto a la exposici&oacute;n conseguida por la presencia en la Sitevi Mercosur 2010, Ignacio Eguiguren, de Estudio Dizen, afirm&oacute; que la primera jornada fue muy positiva. Y argument&oacute;: &ldquo;Nos permiti&oacute; una buena exposici&oacute;n hacia el p&uacute;blico en general, as&iacute; como retomar contactos con clientes, afianzar lazos con los proveedores y presentar nuestras propuestas a importadores que se acercaron al stand&rdquo;. <\/p>\n<p>Adem&aacute;s, el dise&ntilde;ador -integrante del grupo asociativo Mendoza Design. explic&oacute; que no solamente se est&aacute;n proyectando a trav&eacute;s de la folleter&iacute;a entregada y la difusi&oacute;n de videos, sino que tambi&eacute;n les realizar&aacute;n exposiciones a compradores de Chile interesados en conocer sus servicios. <\/p>\n<p>Tanto los ocho dise&ntilde;adores participantes como los gr&aacute;ficos y las empresas TIC presentes que integran el stand aseguraron que, de no haber recibido la posibilidad brindada a trav&eacute;s de ProMendoza, para ellos hubiera sido muy dif&iacute;cil emprender una acci&oacute;n de promoci&oacute;n de tal magnitud y alcance.<\/p>\n<p><strong>Oportunidades comerciales <\/strong><\/p>\n<p>Asimismo, en el marco de la feria se realiza la Cuarta Ronda de Negocios con importadores de maquinaria y equipos para la industria vitivin&iacute;cola, organizada por ProMendoza. El encuentro comercial tiene como objetivo incrementar la presencia de la maquinaria argentina en los mercados internacionales y este a&ntilde;o cuenta con la presencia de cinco importadores, representantes-distribuidores provenientes de Chile y Brasil.<\/p>\n<p>En este &aacute;mbito, 16 empresas de Mendoza les presentan sus productos a compradores internacionales, quienes destacan la calidad de la oferta local dentro del sector.<\/p>\n\n<p><strong>Fuente:<\/strong> Prensa Ministerio de Producci&oacute;n,  Tecnolog&iacute;a e Innovaci&oacute;n<\/p>\n<p><strong>Edici&oacute;n: <\/strong>Gabriel Espejo<\/p>\n<\/body><\/html>\n","protected":false},"excerpt":{"rendered":"Con un stand de 158 metros cuadrados, el Gobierno de Mendoza, a trav&eacute;s de ProMendoza, nuclea la participaci&oacute;n de dise&ntilde;adores, gr&aacute;ficos, madereros, productores de tecnolog&iacute;a de la informaci&oacute;n y la comunicaci&oacute;n (TIC), y empresas del sector de la maquinaria vitivin&iacute;cola en el Sal&oacute;n Internacional de Tecnolog&iacute;a Vitivin&iacute;cola y Arbor&iacute;cola (Sitevi) Mercosur 2010. En ese marco,&#8230; <a class=\"view-article\" href=\"https:\/\/www.mendoza.gov.ar\/prensa\/mendoza-marca-presencia-en-el-salon-internacional-de-tecnologia-vitivinicola-y-arboricola-2010\/\"><\/a>","protected":false},"author":3,"featured_media":0,"comment_status":"closed","ping_status":"open","sticky":false,"template":"","format":"standard","meta":[],"categories":[12],"tags":[],"_links":{"self":[{"href":"https:\/\/www.mendoza.gov.ar\/prensa\/wp-json\/wp\/v2\/posts\/18416"}],"collection":[{"href":"https:\/\/www.mendoza.gov.ar\/prensa\/wp-json\/wp\/v2\/posts"}],"about":[{"href":"https:\/\/www.mendoza.gov.ar\/prensa\/wp-json\/wp\/v2\/types\/post"}],"author":[{"embeddable":true,"href":"https:\/\/www.mendoza.gov.ar\/prensa\/wp-json\/wp\/v2\/users\/3"}],"replies":[{"embeddable":true,"href":"https:\/\/www.mendoza.gov.ar\/prensa\/wp-json\/wp\/v2\/comments?post=18416"}],"version-history":[{"count":0,"href":"https:\/\/www.mendoza.gov.ar\/prensa\/wp-json\/wp\/v2\/posts\/18416\/revisions"}],"wp:attachment":[{"href":"https:\/\/www.mendoza.gov.ar\/prensa\/wp-json\/wp\/v2\/media?parent=18416"}],"wp:term":[{"taxonomy":"category","embeddable":true,"href":"https:\/\/www.mendoza.gov.ar\/prensa\/wp-json\/wp\/v2\/categories?post=18416"},{"taxonomy":"post_tag","embeddable":true,"href":"https:\/\/www.mendoza.gov.ar\/prensa\/wp-json\/wp\/v2\/tags?post=18416"}],"curies":[{"name":"wp","href":"https:\/\/api.w.org\/{rel}","templated":true}]}}