{"id":18423,"date":"2010-06-01T00:00:00","date_gmt":"2010-06-01T00:00:00","guid":{"rendered":"http:\/\/prensa.wp2.mendoza.gov.ar\/?p=18423"},"modified":"2010-06-01T00:00:00","modified_gmt":"2010-06-01T00:00:00","slug":"manana-el-gobernador-abre-una-muestra-agroalimentaria-sobre-200-anos-de-produccion-mendocina","status":"publish","type":"post","link":"https:\/\/www.mendoza.gov.ar\/prensa\/manana-el-gobernador-abre-una-muestra-agroalimentaria-sobre-200-anos-de-produccion-mendocina\/","title":{"rendered":"MA\u00d1ANA EL GOBERNADOR ABRE UNA MUESTRA AGROALIMENTARIA SOBRE 200 A\u00d1OS DE PRODUCCI\u00d3N MENDOCINA"},"content":{"rendered":"<!DOCTYPE html PUBLIC \"-\/\/W3C\/\/DTD HTML 4.0 Transitional\/\/EN\" \"http:\/\/www.w3.org\/TR\/REC-html40\/loose.dtd\">\n<html><body><p>La agroindustria, uno de los sectores m&aacute;s din&aacute;micos de la econom&iacute;a mendocina, es el eje central del evento que se extender&aacute; hasta el jueves 3 de junio. Est&aacute; prevista una multiplicidad de acciones que incluyen&nbsp; conferencias que&nbsp; ilustrar&aacute;n sobre &nbsp;distintos momentos de esta actividad.<\/p>\n<p>Este&nbsp;martes, a las 10.30, la historiadora Paula Figueroa expondr&aacute; sobre &nbsp;&ldquo;Mendoza Agroalimentaria en el Bicentenario&rdquo;;&nbsp; a las 11.15, &nbsp;&ldquo;La Econom&iacute;a de Mendoza en el siglo XXl&rdquo; ser&aacute; desarrollada por el titular de la cartera de Producci&oacute;n, Raul Mercau, y a las 12 el consultor internacional Guillermo Oliveto se referir&aacute; a &ldquo;Tendencia del Mercado Agroalimentario&rdquo;.<\/p>\n<p>Se presentar&aacute; tambi&eacute;n el libro&nbsp; &ldquo;El Fruto de Nuestra Gente. S&iacute;ntesis de la historia agroalimentaria de Mendoza&rdquo;, de la historiadora Paula Figueroa.<\/p>\n<p>Por la tarde, de 15 a 17,&nbsp;se realizar&aacute;n en forma simult&aacute;nea distintos foros dictados por especialistas en la materia&nbsp; que &nbsp;ilustrar&aacute;n&nbsp;acerca de aspectos relevantes de esta industria. El primero est&aacute; referido a &ldquo;Tecnolog&iacute;as Industriales&rdquo;&nbsp; y tratar&aacute; sobre la problem&aacute;tica actual en el contexto local, tendencias globales y aplicaciones tecnol&oacute;gicas de la agroindustria.<\/p>\n<p>El Foro &ldquo;Integraci&oacute;n &nbsp;Productiva&rdquo;&nbsp; versar&aacute;&nbsp; sobre formas de integraci&oacute;n y beneficios de la asociatividad, para la mejora de la competitividad.&nbsp; Una tercera conferencia se vincula con &ldquo;Envases y Embalajes&rdquo;&nbsp;y har&aacute; foco sobre alternativas de mejora del packaging, uso de nuevas tecnolog&iacute;as y &nbsp;tendencias mundiales en la materia.<\/p>\n<p>El Foro de Log&iacute;stica profundizar&aacute; sobre la&nbsp;importancia de la cadena de suministro en la industria, eficiencia en el proceso y tendencias locales.<\/p>\n<p>Durante los tres d&iacute;as de duraci&oacute;n del evento se realizar&aacute;n rondas de negocios, de las que participar&aacute;n empresas&nbsp;de toda la provincia y compradores internacionales. En paralelo, los asistentes podr&aacute;n visitar una muestra interactiva, con fotograf&iacute;as, gigantograf&igrave;as y videos donde se podr&aacute;n observar im&aacute;genes de valor documental y est&eacute;tico, referidas a la&nbsp; industria agroalimentaria.<\/p>\n<p>Fuente: Ministerio de Producci&oacute;n<\/p>\n<p>Edici&oacute;n: Sandra Pizarro<\/p>\n<\/body><\/html>\n","protected":false},"excerpt":{"rendered":"La agroindustria, uno de los sectores m&aacute;s din&aacute;micos de la econom&iacute;a mendocina, es el eje central del evento que se extender&aacute; hasta el jueves 3 de junio. Est&aacute; prevista una multiplicidad de acciones que incluyen&nbsp; conferencias que&nbsp; ilustrar&aacute;n sobre &nbsp;distintos momentos de esta actividad. Este&nbsp;martes, a las 10.30, la historiadora Paula Figueroa expondr&aacute; sobre &nbsp;&ldquo;Mendoza&#8230; <a class=\"view-article\" href=\"https:\/\/www.mendoza.gov.ar\/prensa\/manana-el-gobernador-abre-una-muestra-agroalimentaria-sobre-200-anos-de-produccion-mendocina\/\"><\/a>","protected":false},"author":3,"featured_media":0,"comment_status":"closed","ping_status":"open","sticky":false,"template":"","format":"standard","meta":[],"categories":[12],"tags":[],"_links":{"self":[{"href":"https:\/\/www.mendoza.gov.ar\/prensa\/wp-json\/wp\/v2\/posts\/18423"}],"collection":[{"href":"https:\/\/www.mendoza.gov.ar\/prensa\/wp-json\/wp\/v2\/posts"}],"about":[{"href":"https:\/\/www.mendoza.gov.ar\/prensa\/wp-json\/wp\/v2\/types\/post"}],"author":[{"embeddable":true,"href":"https:\/\/www.mendoza.gov.ar\/prensa\/wp-json\/wp\/v2\/users\/3"}],"replies":[{"embeddable":true,"href":"https:\/\/www.mendoza.gov.ar\/prensa\/wp-json\/wp\/v2\/comments?post=18423"}],"version-history":[{"count":0,"href":"https:\/\/www.mendoza.gov.ar\/prensa\/wp-json\/wp\/v2\/posts\/18423\/revisions"}],"wp:attachment":[{"href":"https:\/\/www.mendoza.gov.ar\/prensa\/wp-json\/wp\/v2\/media?parent=18423"}],"wp:term":[{"taxonomy":"category","embeddable":true,"href":"https:\/\/www.mendoza.gov.ar\/prensa\/wp-json\/wp\/v2\/categories?post=18423"},{"taxonomy":"post_tag","embeddable":true,"href":"https:\/\/www.mendoza.gov.ar\/prensa\/wp-json\/wp\/v2\/tags?post=18423"}],"curies":[{"name":"wp","href":"https:\/\/api.w.org\/{rel}","templated":true}]}}