{"id":18425,"date":"2010-06-01T00:00:00","date_gmt":"2010-06-01T00:00:00","guid":{"rendered":"http:\/\/prensa.wp2.mendoza.gov.ar\/?p=18425"},"modified":"2010-06-01T00:00:00","modified_gmt":"2010-06-01T00:00:00","slug":"raul-mercau-afirmo-que-la-promocion-industrial-es-un-mal-trago","status":"publish","type":"post","link":"https:\/\/www.mendoza.gov.ar\/prensa\/raul-mercau-afirmo-que-la-promocion-industrial-es-un-mal-trago\/","title":{"rendered":"RA\u00daL MERCAU AFIRM\u00d3 QUE LA PROMOCI\u00d3N INDUSTRIAL ES \u201cUN MAL TRAGO\u201d"},"content":{"rendered":"<!DOCTYPE html PUBLIC \"-\/\/W3C\/\/DTD HTML 4.0 Transitional\/\/EN\" \"http:\/\/www.w3.org\/TR\/REC-html40\/loose.dtd\">\n<html><body><p>El ministro de Producci&oacute;n de la Provincia, Ra&uacute;l Mercau, abri&oacute; esta ma&ntilde;ana el encuentro &ldquo;Mendoza expone: 200 a&ntilde;os produciendo calidad&rdquo;  haciendo una clara referencia al perjuicio que padecer&aacute; el sector agroindustrial si se extiende el decreto N&ordm;699\/2010, que la presidenta Cristina Fern&aacute;ndez de Kirchner firm&oacute; el pasado 20 para prorrogar la promoci&oacute;n industrial en provincias vecinas de Mendoza. <\/p>\n<p>En ese marco, en el Centro de Congresos y Exposiciones de Ciudad, Mercau indic&oacute; que la promoci&oacute;n industrial es &ldquo;un mal trago&rdquo; y que el decreto 699 es &ldquo;nefasto&rdquo;, porque representa serios costos para el sector productivo local. Y se&ntilde;al&oacute;: &ldquo;Hemos convivido durante 30 a&ntilde;os con la promoci&oacute;n y, sin embargo, la creatividad y el esfuerzo de la provincia permitieron lograr lo que hoy tenemos, lo cual no significa que no vayamos a abandonar la lucha para que no se extienda este decreto a las provincias vecinas&rdquo;. <\/p>\n<p>Para el ministro, pese a los beneficios impositivos de la promoci&oacute;n, Mendoza ha desarrollado una industria que ha requerido de mucho esfuerzo de distintos sectores econ&oacute;micos. &ldquo;Tenemos que ir para el desarrollo de aquellas &aacute;reas que han demostrado en otros pa&iacute;ses emergentes ser los verdaderos sectores movilizados, en funci&oacute;n de la competitividad. Y la competitividad est&aacute; basada en la innovaci&oacute;n, la infraestructura y el capital social, que es uno de los elementos fundamentales&rdquo;. <\/p>\n<p>&ldquo;Vamos a seguir luchando para que esto que hemos sufrido por m&aacute;s de 30 a&ntilde;os no se extienda a 45 como pretenden algunos de los gobernadores de las provincias vecinas&rdquo;, enfatiz&oacute; el funcionario. <\/p>\n<p>El encuentro donde expuso Mercau forma parte de los festejos del Bicentario que se extender&aacute;n hasta el jueves en el auditorio &Aacute;ngel Bustelo. Acompa&ntilde;aron al ministro, durante la presentaci&oacute;n, la historiadora de la UNCuyo Paula Figueroa, quien present&oacute; el libro &ldquo;El fruto de nuestra gente&rdquo;, y el economista de la UBA Guillermo Oliveto, quien analiz&oacute; la &ldquo;Mendoza del futuro&rdquo;. <\/p>\n<p>El libro de Figueroa, que fue encargado por el Ministerio de Producci&oacute;n, pone en valor la cultura del trabajo local desde &ldquo;sus or&iacute;genes&rdquo; y es un planteo historiogr&aacute;fico de la producci&oacute;n de alimentos de origen agr&iacute;cola en el Norte de Mendoza. <\/p>\n<p>&ldquo;Es un libro que le va a servir a un lector curioso que quiera ver una historia de Mendoza distinta, contada desde la comida, los sabores y el trabajo de todo un pueblo dedicado a la producci&oacute;n agr&iacute;cola&rdquo;, sostuvo Figueroa. <\/p>\n<p>Para la historiadora, las reflexiones sobre el pasado siempre laa &ldquo;disparan&rdquo; problem&aacute;ticas del presente pero sobre todo la necesidad de resolver y poder dise&ntilde;ar un futuro mejor. &ldquo;A partir de esa reflexi&oacute;n se puede recuperar la memoria y, en ese proceso de recuperaci&oacute;n de memoria, construir la identidad de nuestro pueblo&rdquo;, asever&oacute;. <\/p>\n<p><strong>Fuente:<\/strong> Prensa Ministerio de Producci&oacute;n, Tecnolog&iacute;a e Innovaci&oacute;n<\/p>\n<p><strong>Edici&oacute;n:<\/strong> Gabriel Espejo<\/p>\n<\/body><\/html>\n","protected":false},"excerpt":{"rendered":"El ministro de Producci&oacute;n de la Provincia, Ra&uacute;l Mercau, abri&oacute; esta ma&ntilde;ana el encuentro &ldquo;Mendoza expone: 200 a&ntilde;os produciendo calidad&rdquo; haciendo una clara referencia al perjuicio que padecer&aacute; el sector agroindustrial si se extiende el decreto N&ordm;699\/2010, que la presidenta Cristina Fern&aacute;ndez de Kirchner firm&oacute; el pasado 20 para prorrogar la promoci&oacute;n industrial en provincias&#8230; <a class=\"view-article\" href=\"https:\/\/www.mendoza.gov.ar\/prensa\/raul-mercau-afirmo-que-la-promocion-industrial-es-un-mal-trago\/\"><\/a>","protected":false},"author":3,"featured_media":0,"comment_status":"closed","ping_status":"open","sticky":false,"template":"","format":"standard","meta":[],"categories":[12],"tags":[],"_links":{"self":[{"href":"https:\/\/www.mendoza.gov.ar\/prensa\/wp-json\/wp\/v2\/posts\/18425"}],"collection":[{"href":"https:\/\/www.mendoza.gov.ar\/prensa\/wp-json\/wp\/v2\/posts"}],"about":[{"href":"https:\/\/www.mendoza.gov.ar\/prensa\/wp-json\/wp\/v2\/types\/post"}],"author":[{"embeddable":true,"href":"https:\/\/www.mendoza.gov.ar\/prensa\/wp-json\/wp\/v2\/users\/3"}],"replies":[{"embeddable":true,"href":"https:\/\/www.mendoza.gov.ar\/prensa\/wp-json\/wp\/v2\/comments?post=18425"}],"version-history":[{"count":0,"href":"https:\/\/www.mendoza.gov.ar\/prensa\/wp-json\/wp\/v2\/posts\/18425\/revisions"}],"wp:attachment":[{"href":"https:\/\/www.mendoza.gov.ar\/prensa\/wp-json\/wp\/v2\/media?parent=18425"}],"wp:term":[{"taxonomy":"category","embeddable":true,"href":"https:\/\/www.mendoza.gov.ar\/prensa\/wp-json\/wp\/v2\/categories?post=18425"},{"taxonomy":"post_tag","embeddable":true,"href":"https:\/\/www.mendoza.gov.ar\/prensa\/wp-json\/wp\/v2\/tags?post=18425"}],"curies":[{"name":"wp","href":"https:\/\/api.w.org\/{rel}","templated":true}]}}