{"id":18487,"date":"2010-08-11T00:00:00","date_gmt":"2010-08-11T00:00:00","guid":{"rendered":"http:\/\/prensa.wp2.mendoza.gov.ar\/?p=18487"},"modified":"2010-08-11T00:00:00","modified_gmt":"2010-08-11T00:00:00","slug":"ganaderia-participa-de-reunion-latinoamericana-sobre-produccion-porcina","status":"publish","type":"post","link":"https:\/\/www.mendoza.gov.ar\/prensa\/ganaderia-participa-de-reunion-latinoamericana-sobre-produccion-porcina\/","title":{"rendered":"GANADER\u00cdA PARTICIPA DE REUNI\u00d3N LATINOAMERICANA SOBRE PRODUCCI\u00d3N PORCINA"},"content":{"rendered":"<!DOCTYPE html PUBLIC \"-\/\/W3C\/\/DTD HTML 4.0 Transitional\/\/EN\" \"http:\/\/www.w3.org\/TR\/REC-html40\/loose.dtd\">\n<html><body><p> Mendoza desde el 8 hasta el 11 de agosto es sede del encuentro de&nbsp; especialistas en producci&oacute;n porcina m&aacute;s importante de Latinoam&eacute;rica. Por sus condiciones &ldquo;paisaj&iacute;sticas, de infraestructura y de crecimiento en la transformaci&oacute;n de materias primas en alimentos, es que se eligi&oacute; a Mendoza entre cientos de lugares en Latinoamericana&rdquo;, indicaron los organizadores del encuentro. <\/p>\n<p>Para Ra&uacute;l Yaciuk, veterninario y miembro del comit&eacute; organizador, el congreso pretende mostrar la oportunidad que significa para&nbsp; Argentina &ldquo;incentivar y mejorar la productividad de carne porcina para tener una mayor oferta en relaci&oacute;n a una demanda que hoy no est&aacute; cubriendo la carne bobina&rdquo;, ya que ha disminuido considerablemente el consumo. Sin embargo, el especialista afirmo que se debe trabajar sistem&aacute;ticamente en ampliar la producci&oacute;n, porque &ldquo;a nivel de productividad, si se incrementase el consumo no habr&iacute;a oferta&rdquo; sentenci&oacute;. <\/p>\n<p>Por su parte, Rodolfo Garc&iacute;a, responsable de la Direcci&oacute;n de Ganader&iacute;a de Mendoza, sostuvo que al poder intercambiar informaci&oacute;n y experiencias con productores y profesionales de distintas partes de Latinoam&eacute;rica, &ldquo;resulta fundamental para la implementaci&oacute;n de un Programa de Producci&oacute;n Porcina que se esta comenzando a proyectar en la provincia&rdquo;.<\/p>\n<p>Para Jorge Porcado, veterinario de Bol&iacute;var, provincia de Buenos Aires, las condiciones de Argentina para la producci&oacute;n son positivas &ldquo;ya que est&aacute;&nbsp; creciendo la producci&oacute;n de cereales, la mano de obra es barata y el consumo de carne de cerdo es de 8 kg. per c&aacute;pita anuales (el consumo per c&aacute;pita mundial es de 16 kg), lo que nos da mucho margen para seguir creciendo&rdquo;. En cuanto a las zonas de mayor producci&oacute;n, el especialista destac&oacute; a las provincias de Buenos Aires, Santa Fe y C&oacute;rdoba, y consider&oacute; a Mendoza como una zona de &ldquo;gran potencial&rdquo;, &nbsp;ya que la &ldquo;producci&oacute;n de escala se hace sobre los sistemas confinados y estos se adaptan a cualquier persona. Lo que hay que tener en cuenta es la provisi&oacute;n de insumo, b&aacute;sicamente ma&iacute;z para un buen desarrollo de los cerdos&rdquo;. <\/p>\n<p>En cuanto a la producci&oacute;n Latinoamericana, los disertantes acordaron que los mayores productores son Brasil, M&eacute;xico y Chile en menor medida. <\/p>\n<p>El congreso, que finaliza hoy, 11 de agosto, comprende conferencias t&eacute;cnicas de econom&iacute;a, administraci&oacute;n, medio ambiente, sanidad, instalaciones y manejo. Las mismas son presentadas por destacados docentes e investigadores de Latinoam&eacute;rica. Adem&aacute;s se ofrecen talleres, work shops y exposiciones de empresas ligadas al sector.<\/p>\n<\/body><\/html>\n","protected":false},"excerpt":{"rendered":"Mendoza desde el 8 hasta el 11 de agosto es sede del encuentro de&nbsp; especialistas en producci&oacute;n porcina m&aacute;s importante de Latinoam&eacute;rica. Por sus condiciones &ldquo;paisaj&iacute;sticas, de infraestructura y de crecimiento en la transformaci&oacute;n de materias primas en alimentos, es que se eligi&oacute; a Mendoza entre cientos de lugares en Latinoamericana&rdquo;, indicaron los organizadores del&#8230; <a class=\"view-article\" href=\"https:\/\/www.mendoza.gov.ar\/prensa\/ganaderia-participa-de-reunion-latinoamericana-sobre-produccion-porcina\/\"><\/a>","protected":false},"author":3,"featured_media":0,"comment_status":"closed","ping_status":"open","sticky":false,"template":"","format":"standard","meta":[],"categories":[12],"tags":[],"_links":{"self":[{"href":"https:\/\/www.mendoza.gov.ar\/prensa\/wp-json\/wp\/v2\/posts\/18487"}],"collection":[{"href":"https:\/\/www.mendoza.gov.ar\/prensa\/wp-json\/wp\/v2\/posts"}],"about":[{"href":"https:\/\/www.mendoza.gov.ar\/prensa\/wp-json\/wp\/v2\/types\/post"}],"author":[{"embeddable":true,"href":"https:\/\/www.mendoza.gov.ar\/prensa\/wp-json\/wp\/v2\/users\/3"}],"replies":[{"embeddable":true,"href":"https:\/\/www.mendoza.gov.ar\/prensa\/wp-json\/wp\/v2\/comments?post=18487"}],"version-history":[{"count":0,"href":"https:\/\/www.mendoza.gov.ar\/prensa\/wp-json\/wp\/v2\/posts\/18487\/revisions"}],"wp:attachment":[{"href":"https:\/\/www.mendoza.gov.ar\/prensa\/wp-json\/wp\/v2\/media?parent=18487"}],"wp:term":[{"taxonomy":"category","embeddable":true,"href":"https:\/\/www.mendoza.gov.ar\/prensa\/wp-json\/wp\/v2\/categories?post=18487"},{"taxonomy":"post_tag","embeddable":true,"href":"https:\/\/www.mendoza.gov.ar\/prensa\/wp-json\/wp\/v2\/tags?post=18487"}],"curies":[{"name":"wp","href":"https:\/\/api.w.org\/{rel}","templated":true}]}}