{"id":18510,"date":"2010-08-25T00:00:00","date_gmt":"2010-08-25T00:00:00","guid":{"rendered":"http:\/\/prensa.wp2.mendoza.gov.ar\/?p=18510"},"modified":"2010-08-25T00:00:00","modified_gmt":"2010-08-25T00:00:00","slug":"este-viernes-se-realizaran-las-jornadas-olivicolas-en-maipu","status":"publish","type":"post","link":"https:\/\/www.mendoza.gov.ar\/prensa\/este-viernes-se-realizaran-las-jornadas-olivicolas-en-maipu\/","title":{"rendered":"ESTE VIERNES SE REALIZAR\u00c1N LAS JORNADAS OLIV\u00cdCOLAS EN MAIP\u00da"},"content":{"rendered":"<!DOCTYPE html PUBLIC \"-\/\/W3C\/\/DTD HTML 4.0 Transitional\/\/EN\" \"http:\/\/www.w3.org\/TR\/REC-html40\/loose.dtd\">\n<html><body><p>El pr&oacute;ximo viernes 27 de agosto de 8:30 a 13:30 en el Museo del Vino, ex Casa Giol, Ozamis 914 de Maip&uacute;, se realizar&aacute;n las V Jornadas Oliv&iacute;colas de Asociativismo y Comercializaci&oacute;n.<\/p>\n<p>As&iacute; lo inform&oacute; la Asociaci&oacute;n de Productores Agropecuarios de Cuyo, precisando que se abordar&aacute;n, entre otros, el proyecto APAC para peque&ntilde;os y medianos productores oliv&iacute;colas, presentaci&oacute;n del Centro de Investigaci&oacute;n para la Agricultura Familiar &ldquo;CIPAF&rdquo; .  Ser&aacute; un debate sobre el asociativismo en sus experiencias regionales y locales.<\/p>\n<p>M&aacute;s informaci&oacute;n e inscripciones jornadasolivIcolas@live.com,  o a los tel&eacute;fonos (261)155890555 &ndash; 155272865.<\/p>\n<p>Fuente: Prensa Ministerio de Producci&oacute;n<\/p>\n<\/body><\/html>\n","protected":false},"excerpt":{"rendered":"El pr&oacute;ximo viernes 27 de agosto de 8:30 a 13:30 en el Museo del Vino, ex Casa Giol, Ozamis 914 de Maip&uacute;, se realizar&aacute;n las V Jornadas Oliv&iacute;colas de Asociativismo y Comercializaci&oacute;n. As&iacute; lo inform&oacute; la Asociaci&oacute;n de Productores Agropecuarios de Cuyo, precisando que se abordar&aacute;n, entre otros, el proyecto APAC para peque&ntilde;os y medianos&#8230; <a class=\"view-article\" href=\"https:\/\/www.mendoza.gov.ar\/prensa\/este-viernes-se-realizaran-las-jornadas-olivicolas-en-maipu\/\"><\/a>","protected":false},"author":3,"featured_media":0,"comment_status":"closed","ping_status":"open","sticky":false,"template":"","format":"standard","meta":[],"categories":[12],"tags":[],"_links":{"self":[{"href":"https:\/\/www.mendoza.gov.ar\/prensa\/wp-json\/wp\/v2\/posts\/18510"}],"collection":[{"href":"https:\/\/www.mendoza.gov.ar\/prensa\/wp-json\/wp\/v2\/posts"}],"about":[{"href":"https:\/\/www.mendoza.gov.ar\/prensa\/wp-json\/wp\/v2\/types\/post"}],"author":[{"embeddable":true,"href":"https:\/\/www.mendoza.gov.ar\/prensa\/wp-json\/wp\/v2\/users\/3"}],"replies":[{"embeddable":true,"href":"https:\/\/www.mendoza.gov.ar\/prensa\/wp-json\/wp\/v2\/comments?post=18510"}],"version-history":[{"count":0,"href":"https:\/\/www.mendoza.gov.ar\/prensa\/wp-json\/wp\/v2\/posts\/18510\/revisions"}],"wp:attachment":[{"href":"https:\/\/www.mendoza.gov.ar\/prensa\/wp-json\/wp\/v2\/media?parent=18510"}],"wp:term":[{"taxonomy":"category","embeddable":true,"href":"https:\/\/www.mendoza.gov.ar\/prensa\/wp-json\/wp\/v2\/categories?post=18510"},{"taxonomy":"post_tag","embeddable":true,"href":"https:\/\/www.mendoza.gov.ar\/prensa\/wp-json\/wp\/v2\/tags?post=18510"}],"curies":[{"name":"wp","href":"https:\/\/api.w.org\/{rel}","templated":true}]}}