{"id":18518,"date":"2010-08-31T00:00:00","date_gmt":"2010-08-31T00:00:00","guid":{"rendered":"http:\/\/prensa.wp2.mendoza.gov.ar\/?p=18518"},"modified":"2010-08-31T00:00:00","modified_gmt":"2010-08-31T00:00:00","slug":"comenzo-la-mision-tecnica-en-california","status":"publish","type":"post","link":"https:\/\/www.mendoza.gov.ar\/prensa\/comenzo-la-mision-tecnica-en-california\/","title":{"rendered":"COMENZ\u00d3 LA MISI\u00d3N T\u00c9CNICA EN CALIFORNIA"},"content":{"rendered":"<!DOCTYPE html PUBLIC \"-\/\/W3C\/\/DTD HTML 4.0 Transitional\/\/EN\" \"http:\/\/www.w3.org\/TR\/REC-html40\/loose.dtd\">\n<html><body><p>Con grandes expectativas se dio inicio ayer a la Misi&oacute;n T&eacute;cnica de ciruelas desecadas en California, que se extender&aacute; hasta el pr&oacute;ximo 7 de septiembre. Capacitaciones, visitas y charlas son algunas de las actividades en las que estar&aacute;n presentes los participantes de la comitiva.<\/p>\n<p>Durante la jornada de hoy, los especialistas del sector estuvieron en Yuba City, California, para visitar plantaciones ensayos y conocer la maquinaria agr&iacute;cola utilizada para la producci&oacute;n de ciruelas en esa zona.<\/p>\n<p>En los pr&oacute;ximos d&iacute;as se concretar&aacute;n visitas a asociaciones de productores, plantaciones, secaderos, bodegas, viveros y supermercados, as&iacute; como tambi&eacute;n se participar&aacute; de una charla con expertos en la Universidad&nbsp; de Davis.<\/p>\n<p><strong>Oportunidad para productores<\/strong><\/p>\n<p>En un esfuerzo conjunto entre el Gobierno provincial y ProMendoza, 42 profesionales, productores y t&eacute;cnicos locales del sector de ciruelas desecadas se encuentran participando de esta misi&oacute;n t&eacute;cnica. La iniciativa, financiada por el Ejecutivo provincial a trav&eacute;s del subprograma Clusters, destin&oacute; $225 mil para que productores y empresas del sector de la ciruela desecada reciban capacitaci&oacute;n y entren en contacto con los m&eacute;todos de producci&oacute;n, secado y empaque de la ciruela desecada.<\/p>\n<p>Los diez d&iacute;as que durar&aacute; la misi&oacute;n se seguir&aacute; una ajustada agenda, que incluir&aacute; capacitaciones para los t&eacute;cnicos y productores, quienes tendr&aacute;n la posibilidad de visitar establecimientos de secado, fraccionamiento y empaque de frutas y fincas. En este sentido, cabe destacar que el destino elegido para concretar la capacitaci&oacute;n para productores de ciruelas desecadas no es aleatorio: Estados Unidos es el principal productor y exportador de ciruelas desecadas a nivel mundial, con una gran inversi&oacute;n tecnol&oacute;gica y en investigaci&oacute;n dentro del sector.<\/p>\n<\/body><\/html>\n","protected":false},"excerpt":{"rendered":"Con grandes expectativas se dio inicio ayer a la Misi&oacute;n T&eacute;cnica de ciruelas desecadas en California, que se extender&aacute; hasta el pr&oacute;ximo 7 de septiembre. Capacitaciones, visitas y charlas son algunas de las actividades en las que estar&aacute;n presentes los participantes de la comitiva. Durante la jornada de hoy, los especialistas del sector estuvieron en&#8230; <a class=\"view-article\" href=\"https:\/\/www.mendoza.gov.ar\/prensa\/comenzo-la-mision-tecnica-en-california\/\"><\/a>","protected":false},"author":3,"featured_media":0,"comment_status":"closed","ping_status":"open","sticky":false,"template":"","format":"standard","meta":[],"categories":[12],"tags":[],"_links":{"self":[{"href":"https:\/\/www.mendoza.gov.ar\/prensa\/wp-json\/wp\/v2\/posts\/18518"}],"collection":[{"href":"https:\/\/www.mendoza.gov.ar\/prensa\/wp-json\/wp\/v2\/posts"}],"about":[{"href":"https:\/\/www.mendoza.gov.ar\/prensa\/wp-json\/wp\/v2\/types\/post"}],"author":[{"embeddable":true,"href":"https:\/\/www.mendoza.gov.ar\/prensa\/wp-json\/wp\/v2\/users\/3"}],"replies":[{"embeddable":true,"href":"https:\/\/www.mendoza.gov.ar\/prensa\/wp-json\/wp\/v2\/comments?post=18518"}],"version-history":[{"count":0,"href":"https:\/\/www.mendoza.gov.ar\/prensa\/wp-json\/wp\/v2\/posts\/18518\/revisions"}],"wp:attachment":[{"href":"https:\/\/www.mendoza.gov.ar\/prensa\/wp-json\/wp\/v2\/media?parent=18518"}],"wp:term":[{"taxonomy":"category","embeddable":true,"href":"https:\/\/www.mendoza.gov.ar\/prensa\/wp-json\/wp\/v2\/categories?post=18518"},{"taxonomy":"post_tag","embeddable":true,"href":"https:\/\/www.mendoza.gov.ar\/prensa\/wp-json\/wp\/v2\/tags?post=18518"}],"curies":[{"name":"wp","href":"https:\/\/api.w.org\/{rel}","templated":true}]}}