{"id":18587,"date":"2010-11-04T00:00:00","date_gmt":"2010-11-04T00:00:00","guid":{"rendered":"http:\/\/prensa.wp2.mendoza.gov.ar\/?p=18587"},"modified":"2010-11-04T00:00:00","modified_gmt":"2010-11-04T00:00:00","slug":"anuncian-acciones-de-promocion-para-pequenos-productores-vitivinicolas","status":"publish","type":"post","link":"https:\/\/www.mendoza.gov.ar\/prensa\/anuncian-acciones-de-promocion-para-pequenos-productores-vitivinicolas\/","title":{"rendered":"Anuncian acciones de promoci\u00f3n para peque\u00f1os productores vitivin\u00edcolas"},"content":{"rendered":"<!DOCTYPE html PUBLIC \"-\/\/W3C\/\/DTD HTML 4.0 Transitional\/\/EN\" \"http:\/\/www.w3.org\/TR\/REC-html40\/loose.dtd\">\n<html><body><p>El Gobierno de Mendoza, mediante el Subprograma de Peque&ntilde;os y Medianos Fraccionadores financiado con la devoluci&oacute;n de retenciones, ha relevado 15 grupos asociativos de bodegueros y productores primarios de vinos b&aacute;sicos:se ha obtenido informaci&oacute;n de productos, cadenas de distribuci&oacute;n y la percepci&oacute;n que tienen de sus consumidores, informaci&oacute;n que se obtuvo de primera mano a trav&eacute;s de una entrevista en profundidad con profesionales especializados. <\/p>\n<p>Luego de una amplia convocatoria, consulta con representantes de las organizaciones vitivin&iacute;colas y habiendo constatado las condiciones exigidas por el Subprograma propuesto por el Ministerio de Producci&oacute;n mendocino y aprobado por la Naci&oacute;n, se han pre-seleccionado 15 bodegas participantes del Subprograma &ndash;como cabeza de los grupos asociativos-, que pertenecen a distintos oasis productivos de Mendoza y de acuerdo a los fondos destinados y autorizados para el 2010. <\/p>\n<p>La totalidad de ellas ha sido relevada y entrevistada en sus propias instalaciones, cuya informaci&oacute;n est&aacute; siendo consolidada y compartida con profesionales de la  Consultora W liderada por Guillermo Oliveto, para el armado de un diagn&oacute;stico estrat&eacute;gico de situaci&oacute;n. All&iacute; se desarrollar&aacute;n lineamientos estrat&eacute;gicos, y como horizonte los objetivos establecidos en el Subprograma. <\/p>\n<p>El Subprograma prev&eacute; un reintegro de gastos con car&aacute;cter de ANR (aporte no reembolsable) de hasta un m&aacute;ximo de hasta $250.000 (que representa el 70% de un plan de trabajo a presentar por el bodeguero, que se compromete a aportar el 30% restante). El Subprograma tiene una inversi&oacute;n global de $5.125.000.<\/p>\n<p>La entrega estaba programada para este viernes 5 de noviembre a las 9 en La Enoteca, Peltier 611 de Ciudad, pero se cambi&oacute; de d&iacute;a y horario. Ser&aacute; el jueves 11 de noviembre a las 15.30.<\/p>\n<\/body><\/html>\n","protected":false},"excerpt":{"rendered":"El Gobierno de Mendoza, mediante el Subprograma de Peque&ntilde;os y Medianos Fraccionadores financiado con la devoluci&oacute;n de retenciones, ha relevado 15 grupos asociativos de bodegueros y productores primarios de vinos b&aacute;sicos:se ha obtenido informaci&oacute;n de productos, cadenas de distribuci&oacute;n y la percepci&oacute;n que tienen de sus consumidores, informaci&oacute;n que se obtuvo de primera mano a&#8230; <a class=\"view-article\" href=\"https:\/\/www.mendoza.gov.ar\/prensa\/anuncian-acciones-de-promocion-para-pequenos-productores-vitivinicolas\/\"><\/a>","protected":false},"author":3,"featured_media":0,"comment_status":"closed","ping_status":"open","sticky":false,"template":"","format":"standard","meta":[],"categories":[12],"tags":[],"_links":{"self":[{"href":"https:\/\/www.mendoza.gov.ar\/prensa\/wp-json\/wp\/v2\/posts\/18587"}],"collection":[{"href":"https:\/\/www.mendoza.gov.ar\/prensa\/wp-json\/wp\/v2\/posts"}],"about":[{"href":"https:\/\/www.mendoza.gov.ar\/prensa\/wp-json\/wp\/v2\/types\/post"}],"author":[{"embeddable":true,"href":"https:\/\/www.mendoza.gov.ar\/prensa\/wp-json\/wp\/v2\/users\/3"}],"replies":[{"embeddable":true,"href":"https:\/\/www.mendoza.gov.ar\/prensa\/wp-json\/wp\/v2\/comments?post=18587"}],"version-history":[{"count":0,"href":"https:\/\/www.mendoza.gov.ar\/prensa\/wp-json\/wp\/v2\/posts\/18587\/revisions"}],"wp:attachment":[{"href":"https:\/\/www.mendoza.gov.ar\/prensa\/wp-json\/wp\/v2\/media?parent=18587"}],"wp:term":[{"taxonomy":"category","embeddable":true,"href":"https:\/\/www.mendoza.gov.ar\/prensa\/wp-json\/wp\/v2\/categories?post=18587"},{"taxonomy":"post_tag","embeddable":true,"href":"https:\/\/www.mendoza.gov.ar\/prensa\/wp-json\/wp\/v2\/tags?post=18587"}],"curies":[{"name":"wp","href":"https:\/\/api.w.org\/{rel}","templated":true}]}}