{"id":18615,"date":"2010-11-25T00:00:00","date_gmt":"2010-11-25T00:00:00","guid":{"rendered":"http:\/\/prensa.wp2.mendoza.gov.ar\/?p=18615"},"modified":"2010-11-25T00:00:00","modified_gmt":"2010-11-25T00:00:00","slug":"habra-un-seminario-sobre-diseno-y-moda-de-exportacion","status":"publish","type":"post","link":"https:\/\/www.mendoza.gov.ar\/prensa\/habra-un-seminario-sobre-diseno-y-moda-de-exportacion\/","title":{"rendered":"Habr\u00e1 un seminario sobre dise\u00f1o y moda de exportaci\u00f3n"},"content":{"rendered":"<!DOCTYPE html PUBLIC \"-\/\/W3C\/\/DTD HTML 4.0 Transitional\/\/EN\" \"http:\/\/www.w3.org\/TR\/REC-html40\/loose.dtd\">\n<html><body><p>La capacitaci&oacute;n, organizada por el gobierno de Mendoza a trav&eacute;s del ProMendoza, estar&aacute; a cargo de reconocidos dise&ntilde;adores nacionales que informar&aacute;n acerca de las claves para lograr una internacionalizaci&oacute;n exitosa del dise&ntilde;o de indumentaria local.<\/p>\n<p>La actividad representa para los profesionales de la moda una gran oportunidad de conocer herramientas comerciales y de marketing, que permitan ingresar a un sector competitivo y de alto contenido de valor.<\/p>\n<p>Edici&oacute;n: Sandra Pizarro<\/p>\n<\/body><\/html>\n","protected":false},"excerpt":{"rendered":"La capacitaci&oacute;n, organizada por el gobierno de Mendoza a trav&eacute;s del ProMendoza, estar&aacute; a cargo de reconocidos dise&ntilde;adores nacionales que informar&aacute;n acerca de las claves para lograr una internacionalizaci&oacute;n exitosa del dise&ntilde;o de indumentaria local. La actividad representa para los profesionales de la moda una gran oportunidad de conocer herramientas comerciales y de marketing, que&#8230; <a class=\"view-article\" href=\"https:\/\/www.mendoza.gov.ar\/prensa\/habra-un-seminario-sobre-diseno-y-moda-de-exportacion\/\"><\/a>","protected":false},"author":3,"featured_media":0,"comment_status":"closed","ping_status":"open","sticky":false,"template":"","format":"standard","meta":[],"categories":[12],"tags":[],"_links":{"self":[{"href":"https:\/\/www.mendoza.gov.ar\/prensa\/wp-json\/wp\/v2\/posts\/18615"}],"collection":[{"href":"https:\/\/www.mendoza.gov.ar\/prensa\/wp-json\/wp\/v2\/posts"}],"about":[{"href":"https:\/\/www.mendoza.gov.ar\/prensa\/wp-json\/wp\/v2\/types\/post"}],"author":[{"embeddable":true,"href":"https:\/\/www.mendoza.gov.ar\/prensa\/wp-json\/wp\/v2\/users\/3"}],"replies":[{"embeddable":true,"href":"https:\/\/www.mendoza.gov.ar\/prensa\/wp-json\/wp\/v2\/comments?post=18615"}],"version-history":[{"count":0,"href":"https:\/\/www.mendoza.gov.ar\/prensa\/wp-json\/wp\/v2\/posts\/18615\/revisions"}],"wp:attachment":[{"href":"https:\/\/www.mendoza.gov.ar\/prensa\/wp-json\/wp\/v2\/media?parent=18615"}],"wp:term":[{"taxonomy":"category","embeddable":true,"href":"https:\/\/www.mendoza.gov.ar\/prensa\/wp-json\/wp\/v2\/categories?post=18615"},{"taxonomy":"post_tag","embeddable":true,"href":"https:\/\/www.mendoza.gov.ar\/prensa\/wp-json\/wp\/v2\/tags?post=18615"}],"curies":[{"name":"wp","href":"https:\/\/api.w.org\/{rel}","templated":true}]}}