{"id":186991,"date":"2019-05-31T16:18:01","date_gmt":"2019-05-31T19:18:01","guid":{"rendered":"http:\/\/prensa.wp1.mendoza.gov.ar\/?p=186991"},"modified":"2019-05-31T19:03:25","modified_gmt":"2019-05-31T22:03:25","slug":"osep-realizara-examenes-periodicos-de-salud-y-control-de-licencias-del-personal-del-epre","status":"publish","type":"post","link":"https:\/\/www.mendoza.gov.ar\/prensa\/osep-realizara-examenes-periodicos-de-salud-y-control-de-licencias-del-personal-del-epre\/","title":{"rendered":"OSEP realizar\u00e1 ex\u00e1menes peri\u00f3dicos de salud y control de licencias del EPRE"},"content":{"rendered":"<!DOCTYPE html PUBLIC \"-\/\/W3C\/\/DTD HTML 4.0 Transitional\/\/EN\" \"http:\/\/www.w3.org\/TR\/REC-html40\/loose.dtd\">\n<html><body><h5>Ambas instituciones firmaron un convenio que, mediante el control de ausentismo y los ex&aacute;menes preocupacionales, permitir&aacute; detectar de manera temprana las enfermedades que puedan afectar a los trabajadores y as&iacute; lograr la atenci&oacute;n oportuna a trav&eacute;s de la cobertura asistencial que tenga cada uno.<\/h5>\n<p>Desde junio y hasta el 31 de diciembre, la Obra Social de los Empleados P&uacute;blicos llevar&aacute; adelante las tareas de Junta M&eacute;dica, Evaluaci&oacute;n y Seguimiento del Ausentismo de alrededor de 75 agentes que desempe&ntilde;an sus tareas en el Ente Provincial Regulador El&eacute;ctrico (EPRE), tanto en Gran Mendoza como en San Rafael.<\/p>\n<p>El documento firmado por el director General de OSEP, Sergio Vergara, y la presidenta del Directorio del EPRE, Jimena Latorre, es el primer convenio en el que Salud Ocupacional se hace cargo de personal de un ente aut&aacute;rquico, es decir que esta vez gestionar&aacute; el ausentismo de empleados del &aacute;mbito privado.<\/p>\n<p>Los firmantes del convenio coincidieron en se&ntilde;alar que el acuerdo constituye un beneficio para los trabajadores, ya que la detecci&oacute;n temprana de enfermedades permite llegar a un oportuno tratamiento, evitando complicaciones a futuro.<\/p>\n<p>&ldquo;Hay una instancia de control para aplicar las leyes laborales que correspondan pero siempre con una perspectiva de cuidado y protecci&oacute;n de la salud de los empleados. El objetivo es poder detectar y seguir las patolog&iacute;as o enfermedades que puedan tener los trabajadores para un tratamiento precoz por parte de su cobertura m&eacute;dica&rdquo;, explic&oacute; el licenciado Sergio Vergara.<\/p>\n<p>Por su parte, Latorre sostuvo que este nuevo acuerdo es importante para el EPRE, ya que ofrece una herramienta necesaria para su pol&iacute;tica de recursos humanos. &ldquo;Los trabajadores deben sentirse c&oacute;modos y contenidos para dar lo mejor de s&iacute;, y la gesti&oacute;n que realizar&aacute; OSEP permitir&aacute; crear el clima de salud laboral y confianza necesario&rdquo;, dijo.<\/p>\n<p>&ldquo;Con la incorporaci&oacute;n de estos convenios nuevos, OSEP trasciende el Estado provincial y participa en el mercado laboral a partir del reconocimiento de la calidad de nuestra gesti&oacute;n del ausentismo. Esto genera beneficios y percepci&oacute;n de ingresos concretos para nuestra instituci&oacute;n&rdquo;, manifest&oacute; el director de Salud Ocupacional, Roberto Campos.<\/p>\n<p>El convenio comenzar&aacute; a regir en junio y se mantendr&aacute; en vigencia hasta fin de a&ntilde;o. En diciembre, las partes podr&aacute;n evaluar la continuidad del convenio, as&iacute; como la modalidad, las prestaciones y sus valores.<\/p>\n\n        <style type='text\/css'>\n            #gallery-1 {\n                margin: auto;\n            }\n            #gallery-1 .gallery-item {\n                float: left;\n                margin-top: 10px;\n\n                width: auto;}\n            #gallery-1 img {\n                border: 0px none;\n            }\n            #gallery-1 .gallery-caption {\n                margin-left: 0;\n            }\n        <\/style>\n<script>\njQuery(document).ready(function($) {\n  jQuery('div.gallery-item').hover(function(){\n     \/\/jQuery(this).fadeIn().siblings(':not(.modal)').fadeTo( 'slow' , 0.2);\n     jQuery(this).siblings(':not(.modal)').fadeTo( 'fast' , 0.2);\n     jQuery(this).fadeTo( 'slow' , 1);\n  },function(){\n     \/\/$(this).siblings().andSelf().fadeTo( 'slow' , 1);\n  });\n  jQuery('#gallery-1').on('mouseleave',function(){\n    jQuery('div.gallery-item').fadeTo( 'fast' , 1);\n  })\n});\n<\/script>\n        <!-- see gallery_shortcode() in wp-includes\/media.php -->\n        <h3>GALERIA<\/h3>\n        <div id='gallery-1' class='gallery galleryid-186991'><div class='gallery-item' data-toggle='modal' data-target='#186992' id='r186992'>\n            <dt class='gallery-icon'>\n                <a style='cursor:pointer;'><img width='150' height='150' src='https:\/\/www.mendoza.gov.ar\/wp-content\/uploads\/sites\/5\/2019\/05\/CONVENIO-epre_DSC9728-150x150.jpg' class='attachment-thumbnail size-thumbnail' alt='' href=''><\/a>\n             <\/dt><\/div><div class=\"modal fade bs-example-modal-lg\" id=\"186992\" tabindex=\"-1\" role=\"dialog\" aria-labelledby=\"myModalLabel\">\n  <div class=\"modal-dialog modal-lg\" role=\"document\">\n    <div class=\"\">\n      <div class=\"modal-body\" style=\"text-align: center;\"><a href='https:\/\/www.mendoza.gov.ar\/prensa\/osep-realizara-examenes-periodicos-de-salud-y-control-de-licencias-del-personal-del-epre\/convenio-epre_dsc9728\/'><img width=\"700\" height=\"480\" src=\"https:\/\/www.mendoza.gov.ar\/wp-content\/uploads\/sites\/5\/2019\/05\/CONVENIO-epre_DSC9728-700x480.jpg\" class=\"attachment-large size-large\" alt=\"\" loading=\"lazy\" srcset=\"https:\/\/www.mendoza.gov.ar\/wp-content\/uploads\/sites\/5\/2019\/05\/CONVENIO-epre_DSC9728-700x480.jpg 700w, https:\/\/www.mendoza.gov.ar\/wp-content\/uploads\/sites\/5\/2019\/05\/CONVENIO-epre_DSC9728-250x171.jpg 250w, https:\/\/www.mendoza.gov.ar\/wp-content\/uploads\/sites\/5\/2019\/05\/CONVENIO-epre_DSC9728-768x526.jpg 768w, https:\/\/www.mendoza.gov.ar\/wp-content\/uploads\/sites\/5\/2019\/05\/CONVENIO-epre_DSC9728-120x82.jpg 120w\" sizes=\"(max-width: 700px) 100vw, 700px\" \/><\/a><a data-toggle=\"modal\" data-dismiss=\"modal\" data-target=\"#186993\"><i class=\"text-white fa fa-chevron-right fa-4x\"><\/i><\/a><\/div>\n    <\/div>\n  <\/div>\n<\/div><div class='gallery-item' data-toggle='modal' data-target='#186993' id='r186993'>\n            <dt class='gallery-icon'>\n                <a style='cursor:pointer;'><img width='150' height='150' src='https:\/\/www.mendoza.gov.ar\/wp-content\/uploads\/sites\/5\/2019\/05\/convenio-epre_DSC9722-150x150.jpg' class='attachment-thumbnail size-thumbnail' alt='' href=''><\/a>\n             <\/dt><\/div><div class=\"modal fade bs-example-modal-lg\" id=\"186993\" tabindex=\"-1\" role=\"dialog\" aria-labelledby=\"myModalLabel\">\n  <div class=\"modal-dialog modal-lg\" role=\"document\">\n    <div class=\"\">\n      <div class=\"modal-body\" style=\"text-align: center;\"><a data-toggle=\"modal\" data-dismiss=\"modal\" data-target=\"#186992\"><i class=\"text-white fa fa-chevron-left fa-4x\"><\/i><\/a><a href='https:\/\/www.mendoza.gov.ar\/prensa\/osep-realizara-examenes-periodicos-de-salud-y-control-de-licencias-del-personal-del-epre\/convenio-epre_dsc9722\/'><img width=\"700\" height=\"515\" src=\"https:\/\/www.mendoza.gov.ar\/wp-content\/uploads\/sites\/5\/2019\/05\/convenio-epre_DSC9722-700x515.jpg\" class=\"attachment-large size-large\" alt=\"\" loading=\"lazy\" srcset=\"https:\/\/www.mendoza.gov.ar\/wp-content\/uploads\/sites\/5\/2019\/05\/convenio-epre_DSC9722-700x515.jpg 700w, https:\/\/www.mendoza.gov.ar\/wp-content\/uploads\/sites\/5\/2019\/05\/convenio-epre_DSC9722-250x184.jpg 250w, https:\/\/www.mendoza.gov.ar\/wp-content\/uploads\/sites\/5\/2019\/05\/convenio-epre_DSC9722-768x565.jpg 768w, https:\/\/www.mendoza.gov.ar\/wp-content\/uploads\/sites\/5\/2019\/05\/convenio-epre_DSC9722-120x88.jpg 120w\" sizes=\"(max-width: 700px) 100vw, 700px\" \/><\/a><a data-toggle=\"modal\" data-dismiss=\"modal\" data-target=\"#186992\"><i class=\"text-white fa fa-chevron-right fa-4x\"><\/i><\/a><\/div>\n    <\/div>\n  <\/div>\n<\/div>\n            <br style='clear: both;' \/>\n        <\/div>\n\n<\/body><\/html>\n","protected":false},"excerpt":{"rendered":"Ambas instituciones firmaron un convenio que, mediante el control de ausentismo y los ex&aacute;menes preocupacionales, permitir&aacute; detectar de manera temprana las enfermedades que puedan afectar a los trabajadores y as&iacute; lograr la atenci&oacute;n oportuna a trav&eacute;s de la cobertura asistencial que tenga cada uno. Desde junio y hasta el 31 de diciembre, la Obra Social&#8230; <a class=\"view-article\" href=\"https:\/\/www.mendoza.gov.ar\/prensa\/osep-realizara-examenes-periodicos-de-salud-y-control-de-licencias-del-personal-del-epre\/\"><\/a>","protected":false},"author":63,"featured_media":186992,"comment_status":"open","ping_status":"open","sticky":false,"template":"","format":"standard","meta":[],"categories":[30],"tags":[],"_links":{"self":[{"href":"https:\/\/www.mendoza.gov.ar\/prensa\/wp-json\/wp\/v2\/posts\/186991"}],"collection":[{"href":"https:\/\/www.mendoza.gov.ar\/prensa\/wp-json\/wp\/v2\/posts"}],"about":[{"href":"https:\/\/www.mendoza.gov.ar\/prensa\/wp-json\/wp\/v2\/types\/post"}],"author":[{"embeddable":true,"href":"https:\/\/www.mendoza.gov.ar\/prensa\/wp-json\/wp\/v2\/users\/63"}],"replies":[{"embeddable":true,"href":"https:\/\/www.mendoza.gov.ar\/prensa\/wp-json\/wp\/v2\/comments?post=186991"}],"version-history":[{"count":4,"href":"https:\/\/www.mendoza.gov.ar\/prensa\/wp-json\/wp\/v2\/posts\/186991\/revisions"}],"predecessor-version":[{"id":187048,"href":"https:\/\/www.mendoza.gov.ar\/prensa\/wp-json\/wp\/v2\/posts\/186991\/revisions\/187048"}],"wp:featuredmedia":[{"embeddable":true,"href":"https:\/\/www.mendoza.gov.ar\/prensa\/wp-json\/wp\/v2\/media\/186992"}],"wp:attachment":[{"href":"https:\/\/www.mendoza.gov.ar\/prensa\/wp-json\/wp\/v2\/media?parent=186991"}],"wp:term":[{"taxonomy":"category","embeddable":true,"href":"https:\/\/www.mendoza.gov.ar\/prensa\/wp-json\/wp\/v2\/categories?post=186991"},{"taxonomy":"post_tag","embeddable":true,"href":"https:\/\/www.mendoza.gov.ar\/prensa\/wp-json\/wp\/v2\/tags?post=186991"}],"curies":[{"name":"wp","href":"https:\/\/api.w.org\/{rel}","templated":true}]}}