{"id":18857,"date":"2010-05-21T00:00:00","date_gmt":"2010-05-21T00:00:00","guid":{"rendered":"http:\/\/prensa.wp2.mendoza.gov.ar\/?p=18857"},"modified":"2010-05-21T00:00:00","modified_gmt":"2010-05-21T00:00:00","slug":"jaque-anuncio-la-construccion-de-275-viviendas-para-trabajadores-de-la-educacion","status":"publish","type":"post","link":"https:\/\/www.mendoza.gov.ar\/prensa\/jaque-anuncio-la-construccion-de-275-viviendas-para-trabajadores-de-la-educacion\/","title":{"rendered":"JAQUE ANUNCI\u00d3 LA CONSTRUCCI\u00d3N DE 275 VIVIENDAS PARA TRABAJADORES DE LA EDUCACI\u00d3N"},"content":{"rendered":"<!DOCTYPE html PUBLIC \"-\/\/W3C\/\/DTD HTML 4.0 Transitional\/\/EN\" \"http:\/\/www.w3.org\/TR\/REC-html40\/loose.dtd\">\n<html><body><p>El Gobierno de Mendoza, a trav&eacute;s del IPV y Mendoza Fiduciaria, pondr&aacute; en marcha un programa de viviendas que ser&aacute; financiado en un 75% por la Subsecretar&iacute;a de Desarrollo Urbano y Vivienda de la Naci&oacute;n y el restante 25% lo har&aacute; el IPV.<\/p>\n<p>Este organismo provincial ser&aacute; el encargado de la licitaci&oacute;n, construcci&oacute;n y adjudicaci&oacute;n de las viviendas as&iacute; como de la instrumentaci&oacute;n de las escrituras hipotecarias mientras que el Fondo para la Transformaci&oacute;n y el Crecimiento, mediante Mendoza Fiduciaria, ser&aacute; el encargado de custodiar los fondos y administrar los cr&eacute;ditos hipotecarios.<\/p>\n<p>De esta manera el IPV construye, adjudica las viviendas y cede la cartera de cr&eacute;ditos hipotecarios a Mendoza Fiduciaria que adem&aacute;s se encarga de obtener nuevos fondos y continuar financiando la construcci&oacute;n de casas.<\/p>\n<p>En el anuncio, realizado ante m&aacute;s de 1000 afiliados al SUTE, adem&aacute;s del Gobernador, estuvieron presentes el secretario gremial de CTERA, Gustavo Maure, el ministro de Gobierno, Mario Adaro, el titular de la DGE, Carlos L&oacute;pez Puelles, el titular del IPV, Carmelo Sim&oacute; y el director del Fondo para la Transformaci&oacute;n y el Crecimiento, Jos&eacute; Luis &Aacute;lvarez.<\/p>\n<p>Para obtener m&aacute;s informaci&oacute;n sobre este plan de viviendas, los interesados deben concurrir a la sede del SUTE.<\/p>\n\n<p>Editado por: Paula Morandini<\/p>\n<\/body><\/html>\n","protected":false},"excerpt":{"rendered":"El Gobierno de Mendoza, a trav&eacute;s del IPV y Mendoza Fiduciaria, pondr&aacute; en marcha un programa de viviendas que ser&aacute; financiado en un 75% por la Subsecretar&iacute;a de Desarrollo Urbano y Vivienda de la Naci&oacute;n y el restante 25% lo har&aacute; el IPV. Este organismo provincial ser&aacute; el encargado de la licitaci&oacute;n, construcci&oacute;n y adjudicaci&oacute;n&#8230; <a class=\"view-article\" href=\"https:\/\/www.mendoza.gov.ar\/prensa\/jaque-anuncio-la-construccion-de-275-viviendas-para-trabajadores-de-la-educacion\/\"><\/a>","protected":false},"author":3,"featured_media":0,"comment_status":"closed","ping_status":"open","sticky":false,"template":"","format":"standard","meta":[],"categories":[12],"tags":[],"_links":{"self":[{"href":"https:\/\/www.mendoza.gov.ar\/prensa\/wp-json\/wp\/v2\/posts\/18857"}],"collection":[{"href":"https:\/\/www.mendoza.gov.ar\/prensa\/wp-json\/wp\/v2\/posts"}],"about":[{"href":"https:\/\/www.mendoza.gov.ar\/prensa\/wp-json\/wp\/v2\/types\/post"}],"author":[{"embeddable":true,"href":"https:\/\/www.mendoza.gov.ar\/prensa\/wp-json\/wp\/v2\/users\/3"}],"replies":[{"embeddable":true,"href":"https:\/\/www.mendoza.gov.ar\/prensa\/wp-json\/wp\/v2\/comments?post=18857"}],"version-history":[{"count":0,"href":"https:\/\/www.mendoza.gov.ar\/prensa\/wp-json\/wp\/v2\/posts\/18857\/revisions"}],"wp:attachment":[{"href":"https:\/\/www.mendoza.gov.ar\/prensa\/wp-json\/wp\/v2\/media?parent=18857"}],"wp:term":[{"taxonomy":"category","embeddable":true,"href":"https:\/\/www.mendoza.gov.ar\/prensa\/wp-json\/wp\/v2\/categories?post=18857"},{"taxonomy":"post_tag","embeddable":true,"href":"https:\/\/www.mendoza.gov.ar\/prensa\/wp-json\/wp\/v2\/tags?post=18857"}],"curies":[{"name":"wp","href":"https:\/\/api.w.org\/{rel}","templated":true}]}}