{"id":18860,"date":"2010-06-03T00:00:00","date_gmt":"2010-06-03T00:00:00","guid":{"rendered":"http:\/\/prensa.wp2.mendoza.gov.ar\/?p=18860"},"modified":"2010-06-03T00:00:00","modified_gmt":"2010-06-03T00:00:00","slug":"la-dge-lanzo-un-ambicioso-programa-de-evaluacion-fisica","status":"publish","type":"post","link":"https:\/\/www.mendoza.gov.ar\/prensa\/la-dge-lanzo-un-ambicioso-programa-de-evaluacion-fisica\/","title":{"rendered":"LA DGE LANZ\u00d3 UN AMBICIOSO PROGRAMA DE EVALUACI\u00d3N F\u00cdSICA"},"content":{"rendered":"<!DOCTYPE html PUBLIC \"-\/\/W3C\/\/DTD HTML 4.0 Transitional\/\/EN\" \"http:\/\/www.w3.org\/TR\/REC-html40\/loose.dtd\">\n<html><body><p>Este programa consiste en la realizaci&oacute;n de distintos test y un examen pedi&aacute;trico a los alumnos de 6&ordm; grado, con el fin de acompa&ntilde;ar su desarrollo arm&oacute;nico, mejorar su calidad de vida y propiciar su proyecci&oacute;n deportiva. Tambi&eacute;n, ser&aacute; un valioso instrumento para prevenir enfermedades y derivar a los ni&ntilde;os con patolog&iacute;as para que puedan ser tratados por especialistas.<\/p>\n<p>Participaron de este lanzamiento el Director General de Escuelas, Carlos L&oacute;pez Puelles, el intendente de Las Heras, Rub&eacute;n Miranda y la Directora de Educaci&oacute;n F&iacute;sica de la DGE, Ver&oacute;nica Palmieri. Adem&aacute;s estuvieron presentes profesores de educaci&oacute;n f&iacute;sica junto a supervisores y directores de Las Heras, Lavalle, Guaymall&eacute;n y Ciudad.<\/p>\n<p>La iniciativa consiste en la realizaci&oacute;n de test morfol&oacute;gicos (mediciones corporales), kinefil&aacute;cticos (prevenci&oacute;n de patolog&iacute;as), condici&oacute;n f&iacute;sica (test de fuerza, resistencia y potencia aer&oacute;bica) y psicosocial (test de conductas y habilidades sociales) a cargo de los Profesores en Educaci&oacute;n F&iacute;sica. Adem&aacute;s,&nbsp; m&eacute;dicos y personal del Ministerio de Salud realizar&aacute;n ex&aacute;menes pedi&aacute;tricos y tambi&eacute;n se contar&aacute; con la asesor&iacute;a del personal del Ministerio de Desarrollo Humano, Familia y Comunidad.<\/p>\n<p>El Director General de Escuelas, Carlos L&oacute;pez Puelles, expres&oacute; que es muy importante seguir apostando a la educaci&oacute;n integral y sostuvo que la educaci&oacute;n f&iacute;sica no puede estar ajena a todo esto. &ldquo;La primer experiencia que se realiz&oacute; en Alvear sobre evaluaci&oacute;n f&iacute;sica de los alumnos dio excelentes resultados y por eso nos animamos a realizar este proyecto tan ambicioso en todas las escuelas de la provincia, dijo L&oacute;pez Puelles. Tambi&eacute;n felicit&oacute; a los docentes por estar junto a los ni&ntilde;os en esa etapa tan importante para el desarrollo. &nbsp;&nbsp;<\/p>\n<p>Si bien la experiencia es in&eacute;dita en sus alcances, el gobierno escolar ya implement&oacute; una experiencia piloto anterior. As&iacute;, durante 2009 se desarroll&oacute; el programa &ldquo;ALVEAR EVAL&Uacute;A&rdquo; por el que se evaluaron la totalidad de los ni&ntilde;os escolares de 11 a&ntilde;os de edad del Departamento de General Alvear. Esta instancia se realiz&oacute; con total &eacute;xito, en forma conjunta entre la DGE y la Direcci&oacute;n Municipal de Deporte de ese departamento y a partir de all&iacute;, la DGE decidi&oacute; extender la acci&oacute;n hacia toda la provincia.<\/p>\n<p>El Plan Provincial de Evaluaci&oacute;n propiciar&aacute; el desarrollo &oacute;ptimo y arm&oacute;nico de los ni&ntilde;os en edad escolar con el objeto de mejorar su calidad de vida y &nbsp;proyecci&oacute;n deportiva. Adem&aacute;s, posibilitar&aacute; la derivaci&oacute;n de los ni&ntilde;os que presentan patolog&iacute;as, contribuir en su correcci&oacute;n y trabajar para la prevenci&oacute;n de nuevos casos. Tambi&eacute;n servir&aacute; para incrementar la capacitaci&oacute;n del personal del &aacute;rea de la Educaci&oacute;n F&iacute;sica de la DGE para que, como agente de salud, colabore en la detecci&oacute;n y prevenci&oacute;n de enfermedades que afectan a nuestros alumnos.<\/p>\n<p>A mediano plazo, el programa permitir&aacute; obtener bases de datos propias que constituir&aacute;n un valioso instrumento de consulta para optimizar recursos a la hora de implementar pol&iacute;ticas deportivas, educativas, de salud, y sociales, en la poblaci&oacute;n estudiada.<\/p>\n<p>Foto: Carlos L&oacute;pez Puelles &ndash; Polideportivo Polimeni<\/p>\n<p>Editado por: Paula Morandini<\/p>\n<\/body><\/html>\n","protected":false},"excerpt":{"rendered":"Este programa consiste en la realizaci&oacute;n de distintos test y un examen pedi&aacute;trico a los alumnos de 6&ordm; grado, con el fin de acompa&ntilde;ar su desarrollo arm&oacute;nico, mejorar su calidad de vida y propiciar su proyecci&oacute;n deportiva. Tambi&eacute;n, ser&aacute; un valioso instrumento para prevenir enfermedades y derivar a los ni&ntilde;os con patolog&iacute;as para que puedan&#8230; <a class=\"view-article\" href=\"https:\/\/www.mendoza.gov.ar\/prensa\/la-dge-lanzo-un-ambicioso-programa-de-evaluacion-fisica\/\"><\/a>","protected":false},"author":3,"featured_media":0,"comment_status":"closed","ping_status":"open","sticky":false,"template":"","format":"standard","meta":[],"categories":[12],"tags":[],"_links":{"self":[{"href":"https:\/\/www.mendoza.gov.ar\/prensa\/wp-json\/wp\/v2\/posts\/18860"}],"collection":[{"href":"https:\/\/www.mendoza.gov.ar\/prensa\/wp-json\/wp\/v2\/posts"}],"about":[{"href":"https:\/\/www.mendoza.gov.ar\/prensa\/wp-json\/wp\/v2\/types\/post"}],"author":[{"embeddable":true,"href":"https:\/\/www.mendoza.gov.ar\/prensa\/wp-json\/wp\/v2\/users\/3"}],"replies":[{"embeddable":true,"href":"https:\/\/www.mendoza.gov.ar\/prensa\/wp-json\/wp\/v2\/comments?post=18860"}],"version-history":[{"count":0,"href":"https:\/\/www.mendoza.gov.ar\/prensa\/wp-json\/wp\/v2\/posts\/18860\/revisions"}],"wp:attachment":[{"href":"https:\/\/www.mendoza.gov.ar\/prensa\/wp-json\/wp\/v2\/media?parent=18860"}],"wp:term":[{"taxonomy":"category","embeddable":true,"href":"https:\/\/www.mendoza.gov.ar\/prensa\/wp-json\/wp\/v2\/categories?post=18860"},{"taxonomy":"post_tag","embeddable":true,"href":"https:\/\/www.mendoza.gov.ar\/prensa\/wp-json\/wp\/v2\/tags?post=18860"}],"curies":[{"name":"wp","href":"https:\/\/api.w.org\/{rel}","templated":true}]}}