{"id":18896,"date":"2010-09-24T00:00:00","date_gmt":"2010-09-24T00:00:00","guid":{"rendered":"http:\/\/prensa.wp2.mendoza.gov.ar\/?p=18896"},"modified":"2010-09-24T00:00:00","modified_gmt":"2010-09-24T00:00:00","slug":"la-dge-inauguro-el-aula-digital-modelo-y-lanzo-el-plan-de-capacitacion-docente","status":"publish","type":"post","link":"https:\/\/www.mendoza.gov.ar\/prensa\/la-dge-inauguro-el-aula-digital-modelo-y-lanzo-el-plan-de-capacitacion-docente\/","title":{"rendered":"LA DGE INAUGUR\u00d3 EL AULA DIGITAL MODELO Y LANZ\u00d3 EL PLAN DE CAPACITACI\u00d3N DOCENTE"},"content":{"rendered":"<!DOCTYPE html PUBLIC \"-\/\/W3C\/\/DTD HTML 4.0 Transitional\/\/EN\" \"http:\/\/www.w3.org\/TR\/REC-html40\/loose.dtd\">\n<html><body><p>En el marco del Plan Nacional Conectar Igualdad, la Direcci&oacute;n General de Escuelas dej&oacute; inaugurada el Aula Digital Modelo, que funcionar&aacute; en el Centro de Congresos y Exposiciones, situado en Peltier 611 de Ciudad. All&iacute; docentes de toda la Provincia podr&aacute;n capacitarse en c&oacute;mo utilizar correctamente una herramienta tan importante como son las Netbooks que est&aacute;n siendo entregadas en las Escuelas P&uacute;blicas de todo el Pa&iacute;s.<\/p>\n<p>Encabez&oacute; el acto&nbsp;el&nbsp;director&nbsp;General de Escuelas, Carlos L&oacute;pez Puelles,&nbsp;junto al subsecretario de Planeamiento de la Calidad Educativa, Lu&iacute;s Rodr&iacute;guez;la directora de Nivel Secundario, Mar&iacute;a del Carmen de Pedro; la directora de Nivel Primario Mar&iacute;a Catena Santamar&iacute;a de Mand&oacute;n, y la directora de Ecuaci&oacute;n Superior, Alicia Romero de Cutropia.<\/p>\n<p>Al mismo tiempo que se lanz&oacute; el Plan Provincial de Capacitaci&oacute;n Docente que permitir&aacute; ,en una primera etapa, que 5.000 docentes puedan acceder a la capacitaci&oacute;n y de esta manera contar con una mejor formaci&oacute;n al momento de relacionarse con esta nueva tecnolog&iacute;a.<\/p>\n<p>L&oacute;pez Puelles transmiti&oacute; la necesidad planteada por los docentes en cada una de sus visitas a las escuelas, de ser capacitados para poder perderle el miedo al avance de las tecnolog&iacute;as y a la utilizaci&oacute;n de las netbooks.<\/p>\n<p>&ldquo;Estamos en un momento hist&oacute;rico en la Argentina, ya que los alumnos est&aacute;n accediendo a una herramienta muy valiosa, y los docentes tienen el enorme desaf&iacute;o de intercambiar conocimientos con los chicos, siempre en el marco del respeto que todos merecemos&rdquo; concluy&oacute; el Director General de Escuelas.<\/p>\n<p>El Plan Nacional de Inclusi&oacute;n Digital Educativa es una iniciativa del Ministerio de Educaci&oacute;n de la Naci&oacute;n, que apunta a democratizar el acceso a las nuevas tecnolog&iacute;as en el contexto educativo.<\/p>\n<p>Para finalizar, Luis Rodr&iacute;guez, remarc&oacute; la importancia de comenzar a reducir la brecha digital en toda la sociedad y agreg&oacute;: &ldquo;Este es un proceso largo, con muchas dificultades, pero no por ello menos productivo. Debemos estar a la altura de las circunstancias y aprovechar el momento que nos toca vivir a pleno&rdquo;.<\/p>\n<\/body><\/html>\n","protected":false},"excerpt":{"rendered":"En el marco del Plan Nacional Conectar Igualdad, la Direcci&oacute;n General de Escuelas dej&oacute; inaugurada el Aula Digital Modelo, que funcionar&aacute; en el Centro de Congresos y Exposiciones, situado en Peltier 611 de Ciudad. All&iacute; docentes de toda la Provincia podr&aacute;n capacitarse en c&oacute;mo utilizar correctamente una herramienta tan importante como son las Netbooks que&#8230; <a class=\"view-article\" href=\"https:\/\/www.mendoza.gov.ar\/prensa\/la-dge-inauguro-el-aula-digital-modelo-y-lanzo-el-plan-de-capacitacion-docente\/\"><\/a>","protected":false},"author":3,"featured_media":0,"comment_status":"closed","ping_status":"open","sticky":false,"template":"","format":"standard","meta":[],"categories":[12],"tags":[],"_links":{"self":[{"href":"https:\/\/www.mendoza.gov.ar\/prensa\/wp-json\/wp\/v2\/posts\/18896"}],"collection":[{"href":"https:\/\/www.mendoza.gov.ar\/prensa\/wp-json\/wp\/v2\/posts"}],"about":[{"href":"https:\/\/www.mendoza.gov.ar\/prensa\/wp-json\/wp\/v2\/types\/post"}],"author":[{"embeddable":true,"href":"https:\/\/www.mendoza.gov.ar\/prensa\/wp-json\/wp\/v2\/users\/3"}],"replies":[{"embeddable":true,"href":"https:\/\/www.mendoza.gov.ar\/prensa\/wp-json\/wp\/v2\/comments?post=18896"}],"version-history":[{"count":0,"href":"https:\/\/www.mendoza.gov.ar\/prensa\/wp-json\/wp\/v2\/posts\/18896\/revisions"}],"wp:attachment":[{"href":"https:\/\/www.mendoza.gov.ar\/prensa\/wp-json\/wp\/v2\/media?parent=18896"}],"wp:term":[{"taxonomy":"category","embeddable":true,"href":"https:\/\/www.mendoza.gov.ar\/prensa\/wp-json\/wp\/v2\/categories?post=18896"},{"taxonomy":"post_tag","embeddable":true,"href":"https:\/\/www.mendoza.gov.ar\/prensa\/wp-json\/wp\/v2\/tags?post=18896"}],"curies":[{"name":"wp","href":"https:\/\/api.w.org\/{rel}","templated":true}]}}