{"id":18902,"date":"2010-10-15T00:00:00","date_gmt":"2010-10-15T00:00:00","guid":{"rendered":"http:\/\/prensa.wp2.mendoza.gov.ar\/?p=18902"},"modified":"2010-10-15T00:00:00","modified_gmt":"2010-10-15T00:00:00","slug":"se-presento-el-proyecto-de-alfabetizacion-estadistica","status":"publish","type":"post","link":"https:\/\/www.mendoza.gov.ar\/prensa\/se-presento-el-proyecto-de-alfabetizacion-estadistica\/","title":{"rendered":"Se present\u00f3 el proyecto de alfabetizaci\u00f3n estad\u00edstica"},"content":{"rendered":"<!DOCTYPE html PUBLIC \"-\/\/W3C\/\/DTD HTML 4.0 Transitional\/\/EN\" \"http:\/\/www.w3.org\/TR\/REC-html40\/loose.dtd\">\n<html><body><p>Esta iniciativa es un esfuerzo com&uacute;n entre el Ministerio de Producci&oacute;n, a trav&eacute;s de la Direcci&oacute;n de Estad&iacute;sticas e Informaci&oacute;n Econ&oacute;mica de Mendoza y la Direcci&oacute;n General de Escuelas. Cada uno aport&oacute; parte importante del trabajo realizado.<\/p>\n<p>El proyecto consiste en la confecci&oacute;n e impresi&oacute;n de cuadernillos con informaci&oacute;n referida a la importancia del Censo Nacional que se llevar&aacute; a cabo el pr&oacute;ximo 27 de octubre de 2010, y detallar en qu&eacute; consiste . Estos cuadernillos ser&aacute;n entregados en todas las escuelas primarias y secundarias de la provincia, a fin de que la informaci&oacute;n llegue a todos los chicos.<\/p>\n<p>Por otra parte, estar&aacute; disponible la p&aacute;gina web, www.deie. mendoza.gov.ar \/aem. De car&aacute;cter informativo, est&aacute; orientada a facilitar el conocimiento, la compresi&oacute;n y el uso pr&aacute;ctico y cotidiano de la&nbsp; estad&iacute;stica por parte de la poblaci&oacute;n.<\/p>\n<p>Este proyecto fue evaluado por el Organismo Internacional de Educaci&oacute;n Estad&iacute;stica&nbsp; &ldquo;IASE&rdquo; y obtuvo Menci&oacute;n especial dentro de los 5 mejores proyectos de Alfabetizaci&oacute;n Internacional.<\/p>\n<p>Al respecto, el gobernador Celso Jaque, dijo: &ldquo;Este es el primer programa de la Argentina que re&uacute;ne estas caracter&iacute;sticas. Estamos trabajando en la alfabetizaci&oacute;n estad&iacute;stica de nuestros chicos, porque la sociedad necesita que puedan enfrentar correctamente el mundo laboral en el que les tocar&aacute; trabajar. Hoy en un mundo globalizado, la informaci&oacute;n es muy r&aacute;pida, por eso buscamos que el ciudadano est&eacute; alfabetizado estad&iacute;sticamente para tomar mejores decisiones&rdquo;<\/p>\n<p>&ldquo;Alfabetizar es ayudar a usar una herramienta. Nuestra idea es que los alumnos puedan aprender jugando, como as&iacute; tambi&eacute;n que manejen su propia informaci&oacute;n para poder analizarla y criticarla&rdquo;, expres&oacute; L&oacute;pez Puelles.<\/p>\n<p>Los contenidos de la p&aacute;gina est&aacute;n planteados de manera amena y did&aacute;ctica e &nbsp;incluyen: un glosario de t&eacute;rminos estad&iacute;sticos, actividades para realizar con la computadora &nbsp;con armado de gr&aacute;ficos , diagramas y curvas;&nbsp; un cuento orientado fundamentalmente para ni&ntilde;os que, con el apoyo de personajes animados, va proporcionado datos censales<\/p>\n<p>Tambi&eacute;n, contempla una secci&oacute;n, donde plantea el desaf&iacute;o de trabajar en temas estad&iacute;sticos con alumnos toda provincia. Incluye cartograf&iacute;a, art&iacute;culos destacados en la materia, referencias estad&iacute;sticas de distintos sitios del mundo. De igual forma, y a fin de hacer m&aacute;s &ldquo;amigable&rdquo; la informaci&oacute;n, la web contiene una secci&oacute;n de Estad&iacute;sticas Divertidas.<\/p>\n<p>Cabe destacar que &ldquo;AEM&rdquo; ya est&aacute; en funcionamiento y es de libre acceso, ya que todos sus recursos est&aacute;n disponibles para cualquier persona. La informaci&oacute;n tiene una actualizaci&oacute;n quincenal.<\/p>\n<\/body><\/html>\n","protected":false},"excerpt":{"rendered":"Esta iniciativa es un esfuerzo com&uacute;n entre el Ministerio de Producci&oacute;n, a trav&eacute;s de la Direcci&oacute;n de Estad&iacute;sticas e Informaci&oacute;n Econ&oacute;mica de Mendoza y la Direcci&oacute;n General de Escuelas. Cada uno aport&oacute; parte importante del trabajo realizado. El proyecto consiste en la confecci&oacute;n e impresi&oacute;n de cuadernillos con informaci&oacute;n referida a la importancia del Censo&#8230; <a class=\"view-article\" href=\"https:\/\/www.mendoza.gov.ar\/prensa\/se-presento-el-proyecto-de-alfabetizacion-estadistica\/\"><\/a>","protected":false},"author":3,"featured_media":0,"comment_status":"closed","ping_status":"open","sticky":false,"template":"","format":"standard","meta":[],"categories":[12],"tags":[],"_links":{"self":[{"href":"https:\/\/www.mendoza.gov.ar\/prensa\/wp-json\/wp\/v2\/posts\/18902"}],"collection":[{"href":"https:\/\/www.mendoza.gov.ar\/prensa\/wp-json\/wp\/v2\/posts"}],"about":[{"href":"https:\/\/www.mendoza.gov.ar\/prensa\/wp-json\/wp\/v2\/types\/post"}],"author":[{"embeddable":true,"href":"https:\/\/www.mendoza.gov.ar\/prensa\/wp-json\/wp\/v2\/users\/3"}],"replies":[{"embeddable":true,"href":"https:\/\/www.mendoza.gov.ar\/prensa\/wp-json\/wp\/v2\/comments?post=18902"}],"version-history":[{"count":0,"href":"https:\/\/www.mendoza.gov.ar\/prensa\/wp-json\/wp\/v2\/posts\/18902\/revisions"}],"wp:attachment":[{"href":"https:\/\/www.mendoza.gov.ar\/prensa\/wp-json\/wp\/v2\/media?parent=18902"}],"wp:term":[{"taxonomy":"category","embeddable":true,"href":"https:\/\/www.mendoza.gov.ar\/prensa\/wp-json\/wp\/v2\/categories?post=18902"},{"taxonomy":"post_tag","embeddable":true,"href":"https:\/\/www.mendoza.gov.ar\/prensa\/wp-json\/wp\/v2\/tags?post=18902"}],"curies":[{"name":"wp","href":"https:\/\/api.w.org\/{rel}","templated":true}]}}