{"id":18914,"date":"2010-11-02T00:00:00","date_gmt":"2010-11-02T00:00:00","guid":{"rendered":"http:\/\/prensa.wp2.mendoza.gov.ar\/?p=18914"},"modified":"2010-11-02T00:00:00","modified_gmt":"2010-11-02T00:00:00","slug":"se-realizara-en-maipu-el-encuentro-de-educacion-de-jovenes-y-adultos-mas-importante-del-ano","status":"publish","type":"post","link":"https:\/\/www.mendoza.gov.ar\/prensa\/se-realizara-en-maipu-el-encuentro-de-educacion-de-jovenes-y-adultos-mas-importante-del-ano\/","title":{"rendered":"Se realizar\u00e1 en Maip\u00fa el Encuentro de Educaci\u00f3n de J\u00f3venes y Adultos m\u00e1s importante del a\u00f1o"},"content":{"rendered":"<!DOCTYPE html PUBLIC \"-\/\/W3C\/\/DTD HTML 4.0 Transitional\/\/EN\" \"http:\/\/www.w3.org\/TR\/REC-html40\/loose.dtd\">\n<html><body><p>El pr&oacute;ximo jueves y viernes, la comunidad educativa de J&oacute;venes y Adultos tendr&aacute; en su agenda un evento trascendente por sus contenidos y &nbsp;convocatoria de autoridades y referentes de importancia, pertenecientes al Ministerio de Educaci&oacute;n de la Naci&oacute;n, Conicet y la &nbsp;UNESCO entre otros, adem&aacute;s del Gobierno de Mendoza, la municipalidad de Maip&uacute;, la Legislatura y la UNCuyo. La actividad se desarrollar&aacute; en las Bodegas L&oacute;pez, en calle Ozamis 375 de Guti&eacute;rrez, Maip&uacute;.<\/p>\n<p>El Encuentro Provincial &ldquo;Desaf&iacute;os y Proyecciones de la Educaci&oacute;n de J&oacute;venes y Adultos en Mendoza&rdquo; lleva la consigna &ldquo;Educaci&oacute;n a lo largo de la vida: un derecho de las personas, una obligaci&oacute;n del Estado, una responsabilidad de todas y todos&rdquo;.<\/p>\n<p>Entre los ejes principales del encuentro, figuran dimensionar el alcance de la Educaci&oacute;n de J&oacute;venes y Adultos en relaci&oacute;n con la Ley Nacional de Educaci&oacute;n; contextualizar las pr&aacute;cticas educativas del segmento en la provincia, el pa&iacute;s y el mundo; reflexionar sobre la articulaci&oacute;n con el mundo del trabajo y su aporte en la construcci&oacute;n de ciudadan&iacute;a; y compartir experiencias educativas y de gesti&oacute;n.<\/p>\n<p>La ceremonia de apertura est&aacute; prevista para el jueves 4 a las 9.30 horas luego de la cual se desarrollar&aacute;n distintos paneles, foros y mesas de trabajo a lo largo de las dos jornadas. El panel de cierre y la ceremonia de clausura ser&aacute;n el viernes a partir de las 12. &nbsp;Los fundamentos, contenidos y contactos del encuentro se pueden encontrar en Internet a trav&eacute;s de la p&aacute;gina www.encuentroadultos.blogspot.com<\/p>\n<\/body><\/html>\n","protected":false},"excerpt":{"rendered":"El pr&oacute;ximo jueves y viernes, la comunidad educativa de J&oacute;venes y Adultos tendr&aacute; en su agenda un evento trascendente por sus contenidos y &nbsp;convocatoria de autoridades y referentes de importancia, pertenecientes al Ministerio de Educaci&oacute;n de la Naci&oacute;n, Conicet y la &nbsp;UNESCO entre otros, adem&aacute;s del Gobierno de Mendoza, la municipalidad de Maip&uacute;, la Legislatura&#8230; <a class=\"view-article\" href=\"https:\/\/www.mendoza.gov.ar\/prensa\/se-realizara-en-maipu-el-encuentro-de-educacion-de-jovenes-y-adultos-mas-importante-del-ano\/\"><\/a>","protected":false},"author":3,"featured_media":0,"comment_status":"closed","ping_status":"open","sticky":false,"template":"","format":"standard","meta":[],"categories":[12],"tags":[],"_links":{"self":[{"href":"https:\/\/www.mendoza.gov.ar\/prensa\/wp-json\/wp\/v2\/posts\/18914"}],"collection":[{"href":"https:\/\/www.mendoza.gov.ar\/prensa\/wp-json\/wp\/v2\/posts"}],"about":[{"href":"https:\/\/www.mendoza.gov.ar\/prensa\/wp-json\/wp\/v2\/types\/post"}],"author":[{"embeddable":true,"href":"https:\/\/www.mendoza.gov.ar\/prensa\/wp-json\/wp\/v2\/users\/3"}],"replies":[{"embeddable":true,"href":"https:\/\/www.mendoza.gov.ar\/prensa\/wp-json\/wp\/v2\/comments?post=18914"}],"version-history":[{"count":0,"href":"https:\/\/www.mendoza.gov.ar\/prensa\/wp-json\/wp\/v2\/posts\/18914\/revisions"}],"wp:attachment":[{"href":"https:\/\/www.mendoza.gov.ar\/prensa\/wp-json\/wp\/v2\/media?parent=18914"}],"wp:term":[{"taxonomy":"category","embeddable":true,"href":"https:\/\/www.mendoza.gov.ar\/prensa\/wp-json\/wp\/v2\/categories?post=18914"},{"taxonomy":"post_tag","embeddable":true,"href":"https:\/\/www.mendoza.gov.ar\/prensa\/wp-json\/wp\/v2\/tags?post=18914"}],"curies":[{"name":"wp","href":"https:\/\/api.w.org\/{rel}","templated":true}]}}